{"id":883,"date":"2023-12-28T17:15:44","date_gmt":"2023-12-28T16:15:44","guid":{"rendered":"https:\/\/ubcr.be\/ubcrubcr\/?p=883"},"modified":"2024-01-29T14:46:09","modified_gmt":"2024-01-29T13:46:09","slug":"lettre-a-mon-frere-ecolo","status":"publish","type":"post","link":"https:\/\/ubcr.be\/ubcrubcr\/lettre-a-mon-frere-ecolo\/","title":{"rendered":"Lettre \u00e0 mon fr\u00e8re \u00e9colo [Fr]"},"content":{"rendered":"\n<div class=\"wp-block-columns is-layout-flex wp-container-core-columns-is-layout-9d6595d7 wp-block-columns-is-layout-flex\">\n<div class=\"wp-block-column is-layout-flow wp-block-column-is-layout-flow\" style=\"flex-basis:10%\"><\/div>\n\n\n\n<div class=\"wp-block-column is-layout-flow wp-block-column-is-layout-flow\" style=\"flex-basis:75%\">\n<div id=\"wp-block-themeisle-blocks-advanced-columns-d72bb5ac\" class=\"wp-block-themeisle-blocks-advanced-columns has-1-columns has-desktop-equal-layout has-tablet-equal-layout has-mobile-equal-layout has-vertical-unset\"><div class=\"wp-block-themeisle-blocks-advanced-columns-overlay\"><\/div><div class=\"innerblocks-wrap\">\n<div id=\"wp-block-themeisle-blocks-advanced-column-9d56ce3d\" class=\"wp-block-themeisle-blocks-advanced-column\">\n<h5><em>Par&nbsp;<\/em>Philippe Danthine<\/h5>\n<hr>\n<p><strong><img loading=\"lazy\" decoding=\"async\" style=\"float: left; margin-right: 5px; width: 300px; max-width: 50%;\" src=\"https:\/\/ubcr.be\/ubcrubcr\/wp-content\/uploads\/2023\/12\/Lettre-Frere-Ecolo-300x200.jpg\" alt=\"\" width=\"300\" height=\"200\"><\/strong><\/p>\n<p>Cher fr\u00e8re,<\/p>\n<p>Toi \u00e9colo affirm\u00e9, moi, chasseur, nous sommes tous les deux des passionn\u00e9s de la nature, mais il y a entre nous des diff\u00e9rences fondamentales\u2026Dans ton optique, il faut laisser la nature se g\u00e9rer toute seule, l\u2019\u00e9quilibre entre pr\u00e9dateurs et proies se fera naturellement.<\/p>\n<p>Dans mon esprit, l\u2019homme a d\u00e9s\u00e9quilibr\u00e9 la nature tant par la surpopulation que par ses activit\u00e9s. Et, donc, la nature ne s\u2019\u00e9quilibrera pas toute seule et il faut la g\u00e9rer.<\/p>\n<p>Tu veux des exemples&nbsp;?<\/p>\n<p>Il y a 20 ans, les rapaces \u00e9taient menac\u00e9s, surtout \u00e0 cause de divers produits chimiques qui empoisonnaient leurs proies et fragilisaient les coquilles des \u0153ufs de certaines esp\u00e8ces.<\/p>\n<p>Depuis lors, tous les rapaces sont prot\u00e9g\u00e9s et, pour la plupart, ils ne sont plus menac\u00e9s.<\/p>\n<p>Maintenant, c\u2019est eux qui, en partie, menacent une petite faune de plaine d\u00e9j\u00e0 mal en point. La perdrix, le li\u00e8vre, le vanneau, l\u2019alouette r\u00e9sistent difficilement.<\/p>\n<p>Mais, bizarrement, j\u2019ai l\u2019impression que tu ne te soucies pas de ces esp\u00e8ces\u2026<\/p>\n<p>Je ne comprends pas que tu ne d\u00e9fendes que le fort et pas le faible\u2026<\/p>\n<p>Tu vas me r\u00e9pondre que, dans le m\u00eame biotope, la caille des bl\u00e9s r\u00e9siste pas mal et donc que le r\u00f4le des pr\u00e9dateurs est minime.<\/p>\n<p>Mais la caille des bl\u00e9s migre en ao\u00fbt, \u00e9poque o\u00f9 la plaine est encore couverte de cultures protectrices.<\/p>\n<p>La conjugaison de l\u2019agriculture intensive et de l\u2019augmentation des pr\u00e9dateurs, rapaces, mais aussi h\u00e9rons, aigrettes, fouines, renards, etc\u2026 condamnent, sans notre intervention, toute cette petite faune\u2026<\/p>\n<p>Mais, le plus souvent, nous, chasseurs, sommes les seuls \u00e0 am\u00e9nager la plaine.<\/p>\n<p>Autre sujet&nbsp;: le sanglier. Tu nous accuses d\u2019\u00eatre le responsable de l\u2019augmentation excessive de l\u2019esp\u00e8ce.<\/p>\n<p>Toutes les personnes objectives savent que le r\u00e9chauffement climatique, la culture intensive du ma\u00efs et, surtout, la fructification foresti\u00e8re sont les premi\u00e8res causes de l\u2019augmentation des populations de sangliers, et ce, de l\u2019Atlantique \u00e0 l\u2019Oural, aurait dit le G\u00e9n\u00e9ral de Gaulle.<\/p>\n<p>Et que les pr\u00e9tendus exc\u00e8s ne sont les faits que de quelques chasseurs.<\/p>\n<p>Le sanglier, esp\u00e8ce adaptative, profite de ces modifications.<\/p>\n<p>De plus, sachant son esp\u00e9rance de vie limit\u00e9e (96 % sont tir\u00e9s avant l\u2019\u00e2ge adulte) les femelles deviennent f\u00e9condes de plus en plus jeunes.<\/p>\n<p>On peut multiplier les exemples.<\/p>\n<p>Tu d\u00e9fends le bien-\u00eatre animal. Comment peux-tu encourager l\u2019extension exponentielle du loup&nbsp;? O\u00f9 est le bien-\u00eatre animal pour les 12000 moutons tu\u00e9s en France et dont la moiti\u00e9 sont d\u00e9vor\u00e9s vivants\u2026O\u00f9 est le bien \u00eatre animal pour tous ces animaux sauvages stress\u00e9s de fa\u00e7on permanente dans nos for\u00eats\u2026<\/p>\n<p>En plus, voici qu\u2019arrive le chacal dor\u00e9, etc\u2026<\/p>\n<p>Quelle nature aimes-tu&nbsp;?Dans quelques ann\u00e9es, nos for\u00eats seront d\u00e9sertes. Le loup ne r\u00e9gule pas. Il mange un animal par semaine. Et il commence par les moutons, c\u2019est plus facile. Mais, je comprends la haine de l\u2019\u00e9leveur \u00e0 ton \u00e9gard quand il voit d\u00e9vorer, devant ses yeux l\u2019objet de sa passion ou de son gagne-pain.<\/p>\n<p>En montagne, l\u2019idol\u00e2trie que tu voues au loup, \u00e0 l\u2019ours ou autre lynx va tr\u00e8s bient\u00f4t y faire dispara\u00eetre toute biodiversit\u00e9.<\/p>\n<p>Dans les Alpes,40 % des \u00e9leveurs abandonnent les estives. La fabuleuse biodiversit\u00e9 de ces prairies d\u2019altitude dispara\u00eet, envahie par les gen\u00eats puis par les arcosses, puis la for\u00eat\u2026 toutes les fleurs de nos jardins sont \u00e0 l\u2019\u00e9tat sauvage dans ces prairies. Ce fabuleux patrimoine va tr\u00e8s vite dispara\u00eetre par ta faute. Tu n\u2019a pas bien saisi les vrais enjeux.<\/p>\n<p>Oui, je chasse le chamois en montagne. Mais, c&rsquo;est avec un plan de gestion. Des comptages sont faits au printemps. Un plan de tir est d\u00e9termin\u00e9. Et, ces chamois, ce sont souvent les chasseurs qui les ont r\u00e9introduits dans les r\u00e9gions d\u2019o\u00f9 ils avaient disparu.<\/p>\n<p>Par contre, toi, \u00e9colo, tu as introduit les bouquetins dans le massif du Bargy, jurant que jamais on ne les chasserait. Maintenant en surnombre (les loups sont incapables de les atteindre) ils sont atteints de brucellose qu\u2019ils communiquent aux vaches du Beufortin\u2026<\/p>\n<p>Au lieu de r\u00e9guler par la chasse, tu fais r\u00e9guler les bouquetins par des agents de l\u2019\u00e9tat, aux frais des contribuables.<\/p>\n<p>Tu n\u2019as rien compris.<\/p>\n<p>La nature est d\u00e9s\u00e9quilibr\u00e9e par notre surnombre et nos activit\u00e9s, nous devons participer \u00e0 son \u00e9quilibre.<\/p>\n<p>Tu esp\u00e8res que le loup va remplacer les chasseurs. Le loup va d\u2019abord manger les brebis, ensuite le gibier, enfin les poubelles (ou les enfants&nbsp;?)<\/p>\n<p>Si c\u2019est cette nature que tu veux, je te la laisse afin que tu puisses en faire un d\u00e9sert rapidement.<\/p>\n<p>Bient\u00f4t, ta passion de l\u2019\u00e9cologie sera entretenue par des souvenirs de ta jeunesse, \u00e9poque o\u00f9 une nature sauvage existait\u2026<\/p>\n<p>Moi, au contraire, tant que j\u2019en serai capable, je d\u00e9fendrai cette vie sauvage.<\/p>\n<p>Je laisse, cher fr\u00e8re, cette missive \u00e0 ta r\u00e9flexion.<\/p>\n<\/div>\n<\/div><\/div>\n<\/div>\n\n\n\n<div class=\"wp-block-column is-layout-flow wp-block-column-is-layout-flow\" style=\"flex-basis:10%\"><\/div>\n<\/div>\n","protected":false},"excerpt":{"rendered":"","protected":false},"author":1,"featured_media":884,"comment_status":"closed","ping_status":"closed","sticky":false,"template":"","format":"standard","meta":{"ngg_post_thumbnail":0,"ocean_post_layout":"","ocean_both_sidebars_style":"","ocean_both_sidebars_content_width":0,"ocean_both_sidebars_sidebars_width":0,"ocean_sidebar":"","ocean_second_sidebar":"","ocean_disable_margins":"enable","ocean_add_body_class":"","ocean_shortcode_before_top_bar":"","ocean_shortcode_after_top_bar":"","ocean_shortcode_before_header":"","ocean_shortcode_after_header":"","ocean_has_shortcode":"","ocean_shortcode_after_title":"","ocean_shortcode_before_footer_widgets":"","ocean_shortcode_after_footer_widgets":"","ocean_shortcode_before_footer_bottom":"","ocean_shortcode_after_footer_bottom":"","ocean_display_top_bar":"default","ocean_display_header":"default","ocean_header_style":"","ocean_center_header_left_menu":"","ocean_custom_header_template":"","ocean_custom_logo":0,"ocean_custom_retina_logo":0,"ocean_custom_logo_max_width":0,"ocean_custom_logo_tablet_max_width":0,"ocean_custom_logo_mobile_max_width":0,"ocean_custom_logo_max_height":0,"ocean_custom_logo_tablet_max_height":0,"ocean_custom_logo_mobile_max_height":0,"ocean_header_custom_menu":"","ocean_menu_typo_font_family":"","ocean_menu_typo_font_subset":"","ocean_menu_typo_font_size":0,"ocean_menu_typo_font_size_tablet":0,"ocean_menu_typo_font_size_mobile":0,"ocean_menu_typo_font_size_unit":"px","ocean_menu_typo_font_weight":"","ocean_menu_typo_font_weight_tablet":"","ocean_menu_typo_font_weight_mobile":"","ocean_menu_typo_transform":"","ocean_menu_typo_transform_tablet":"","ocean_menu_typo_transform_mobile":"","ocean_menu_typo_line_height":0,"ocean_menu_typo_line_height_tablet":0,"ocean_menu_typo_line_height_mobile":0,"ocean_menu_typo_line_height_unit":"","ocean_menu_typo_spacing":0,"ocean_menu_typo_spacing_tablet":0,"ocean_menu_typo_spacing_mobile":0,"ocean_menu_typo_spacing_unit":"","ocean_menu_link_color":"","ocean_menu_link_color_hover":"","ocean_menu_link_color_active":"","ocean_menu_link_background":"","ocean_menu_link_hover_background":"","ocean_menu_link_active_background":"","ocean_menu_social_links_bg":"","ocean_menu_social_hover_links_bg":"","ocean_menu_social_links_color":"","ocean_menu_social_hover_links_color":"","ocean_disable_title":"default","ocean_disable_heading":"default","ocean_post_title":"","ocean_post_subheading":"","ocean_post_title_style":"","ocean_post_title_background_color":"","ocean_post_title_background":0,"ocean_post_title_bg_image_position":"","ocean_post_title_bg_image_attachment":"","ocean_post_title_bg_image_repeat":"","ocean_post_title_bg_image_size":"","ocean_post_title_height":0,"ocean_post_title_bg_overlay":0.5,"ocean_post_title_bg_overlay_color":"","ocean_disable_breadcrumbs":"default","ocean_breadcrumbs_color":"","ocean_breadcrumbs_separator_color":"","ocean_breadcrumbs_links_color":"","ocean_breadcrumbs_links_hover_color":"","ocean_display_footer_widgets":"default","ocean_display_footer_bottom":"default","ocean_custom_footer_template":"","_themeisle_gutenberg_block_has_review":false,"ocean_post_oembed":"","ocean_post_self_hosted_media":"","ocean_post_video_embed":"","ocean_link_format":"","ocean_link_format_target":"self","ocean_quote_format":"","ocean_quote_format_link":"post","ocean_gallery_link_images":"on","ocean_gallery_id":[],"footnotes":""},"categories":[20,8],"tags":[],"class_list":["post-883","post","type-post","status-publish","format-standard","has-post-thumbnail","hentry","category-le-blog","category-publications","entry","has-media"],"yoast_head":"<!-- This site is optimized with the Yoast SEO plugin v27.0 - https:\/\/yoast.com\/product\/yoast-seo-wordpress\/ -->\n<title>Lettre \u00e0 mon fr\u00e8re \u00e9colo [Fr] - UBCR<\/title>\n<meta name=\"robots\" content=\"index, follow, max-snippet:-1, max-image-preview:large, max-video-preview:-1\" \/>\n<link rel=\"canonical\" href=\"https:\/\/ubcr.be\/ubcrubcr\/lettre-a-mon-frere-ecolo\/\" \/>\n<meta property=\"og:locale\" content=\"fr_FR\" \/>\n<meta property=\"og:type\" content=\"article\" \/>\n<meta property=\"og:title\" content=\"Lettre \u00e0 mon fr\u00e8re \u00e9colo [Fr] - UBCR\" \/>\n<meta property=\"og:url\" content=\"https:\/\/ubcr.be\/ubcrubcr\/lettre-a-mon-frere-ecolo\/\" \/>\n<meta property=\"og:site_name\" content=\"UBCR\" \/>\n<meta property=\"article:published_time\" content=\"2023-12-28T16:15:44+00:00\" \/>\n<meta property=\"article:modified_time\" content=\"2024-01-29T13:46:09+00:00\" \/>\n<meta property=\"og:image\" content=\"https:\/\/ubcr.be\/ubcrubcr\/wp-content\/uploads\/2023\/12\/Lettre-Frere-Ecolo.jpg\" \/>\n\t<meta property=\"og:image:width\" content=\"1200\" \/>\n\t<meta property=\"og:image:height\" content=\"800\" \/>\n\t<meta property=\"og:image:type\" content=\"image\/jpeg\" \/>\n<meta name=\"author\" content=\"UBCR\" \/>\n<meta name=\"twitter:card\" content=\"summary_large_image\" \/>\n<meta name=\"twitter:label1\" content=\"\u00c9crit par\" \/>\n\t<meta name=\"twitter:data1\" content=\"UBCR\" \/>\n\t<meta name=\"twitter:label2\" content=\"Dur\u00e9e de lecture estim\u00e9e\" \/>\n\t<meta name=\"twitter:data2\" content=\"5 minutes\" \/>\n<script type=\"application\/ld+json\" class=\"yoast-schema-graph\">{\"@context\":\"https:\/\/schema.org\",\"@graph\":[{\"@type\":\"Article\",\"@id\":\"https:\/\/ubcr.be\/ubcrubcr\/lettre-a-mon-frere-ecolo\/#article\",\"isPartOf\":{\"@id\":\"https:\/\/ubcr.be\/ubcrubcr\/lettre-a-mon-frere-ecolo\/\"},\"author\":{\"name\":\"UBCR\",\"@id\":\"https:\/\/ubcr.be\/ubcrubcr\/#\/schema\/person\/e2564e0d7b8aa01281ecc8f55d524de3\"},\"headline\":\"Lettre \u00e0 mon fr\u00e8re \u00e9colo [Fr]\",\"datePublished\":\"2023-12-28T16:15:44+00:00\",\"dateModified\":\"2024-01-29T13:46:09+00:00\",\"mainEntityOfPage\":{\"@id\":\"https:\/\/ubcr.be\/ubcrubcr\/lettre-a-mon-frere-ecolo\/\"},\"wordCount\":891,\"publisher\":{\"@id\":\"https:\/\/ubcr.be\/ubcrubcr\/#organization\"},\"image\":{\"@id\":\"https:\/\/ubcr.be\/ubcrubcr\/lettre-a-mon-frere-ecolo\/#primaryimage\"},\"thumbnailUrl\":\"https:\/\/ubcr.be\/ubcrubcr\/wp-content\/uploads\/2023\/12\/Lettre-Frere-Ecolo.jpg\",\"articleSection\":[\"Le Blog\",\"Publications\"],\"inLanguage\":\"fr-FR\"},{\"@type\":\"WebPage\",\"@id\":\"https:\/\/ubcr.be\/ubcrubcr\/lettre-a-mon-frere-ecolo\/\",\"url\":\"https:\/\/ubcr.be\/ubcrubcr\/lettre-a-mon-frere-ecolo\/\",\"name\":\"Lettre \u00e0 mon fr\u00e8re \u00e9colo [Fr] - UBCR\",\"isPartOf\":{\"@id\":\"https:\/\/ubcr.be\/ubcrubcr\/#website\"},\"primaryImageOfPage\":{\"@id\":\"https:\/\/ubcr.be\/ubcrubcr\/lettre-a-mon-frere-ecolo\/#primaryimage\"},\"image\":{\"@id\":\"https:\/\/ubcr.be\/ubcrubcr\/lettre-a-mon-frere-ecolo\/#primaryimage\"},\"thumbnailUrl\":\"https:\/\/ubcr.be\/ubcrubcr\/wp-content\/uploads\/2023\/12\/Lettre-Frere-Ecolo.jpg\",\"datePublished\":\"2023-12-28T16:15:44+00:00\",\"dateModified\":\"2024-01-29T13:46:09+00:00\",\"breadcrumb\":{\"@id\":\"https:\/\/ubcr.be\/ubcrubcr\/lettre-a-mon-frere-ecolo\/#breadcrumb\"},\"inLanguage\":\"fr-FR\",\"potentialAction\":[{\"@type\":\"ReadAction\",\"target\":[\"https:\/\/ubcr.be\/ubcrubcr\/lettre-a-mon-frere-ecolo\/\"]}]},{\"@type\":\"ImageObject\",\"inLanguage\":\"fr-FR\",\"@id\":\"https:\/\/ubcr.be\/ubcrubcr\/lettre-a-mon-frere-ecolo\/#primaryimage\",\"url\":\"https:\/\/ubcr.be\/ubcrubcr\/wp-content\/uploads\/2023\/12\/Lettre-Frere-Ecolo.jpg\",\"contentUrl\":\"https:\/\/ubcr.be\/ubcrubcr\/wp-content\/uploads\/2023\/12\/Lettre-Frere-Ecolo.jpg\",\"width\":1200,\"height\":800},{\"@type\":\"BreadcrumbList\",\"@id\":\"https:\/\/ubcr.be\/ubcrubcr\/lettre-a-mon-frere-ecolo\/#breadcrumb\",\"itemListElement\":[{\"@type\":\"ListItem\",\"position\":1,\"name\":\"Accueil\",\"item\":\"https:\/\/ubcr.be\/ubcrubcr\/\"},{\"@type\":\"ListItem\",\"position\":2,\"name\":\"Lettre \u00e0 mon fr\u00e8re \u00e9colo [Fr]\"}]},{\"@type\":\"WebSite\",\"@id\":\"https:\/\/ubcr.be\/ubcrubcr\/#website\",\"url\":\"https:\/\/ubcr.be\/ubcrubcr\/\",\"name\":\"UBCR\",\"description\":\"Union Belge de la Chasse et de la Ruralit\u00e9\",\"publisher\":{\"@id\":\"https:\/\/ubcr.be\/ubcrubcr\/#organization\"},\"potentialAction\":[{\"@type\":\"SearchAction\",\"target\":{\"@type\":\"EntryPoint\",\"urlTemplate\":\"https:\/\/ubcr.be\/ubcrubcr\/?s={search_term_string}\"},\"query-input\":{\"@type\":\"PropertyValueSpecification\",\"valueRequired\":true,\"valueName\":\"search_term_string\"}}],\"inLanguage\":\"fr-FR\"},{\"@type\":\"Organization\",\"@id\":\"https:\/\/ubcr.be\/ubcrubcr\/#organization\",\"name\":\"Union Belge de la Chasse et de la ruralit\u00e9\",\"url\":\"https:\/\/ubcr.be\/ubcrubcr\/\",\"logo\":{\"@type\":\"ImageObject\",\"inLanguage\":\"fr-FR\",\"@id\":\"https:\/\/ubcr.be\/ubcrubcr\/#\/schema\/logo\/image\/\",\"url\":\"https:\/\/ubcr.be\/ubcrubcr\/wp-content\/uploads\/2023\/10\/Logo-2023-UBCR_Web3.png\",\"contentUrl\":\"https:\/\/ubcr.be\/ubcrubcr\/wp-content\/uploads\/2023\/10\/Logo-2023-UBCR_Web3.png\",\"width\":381,\"height\":139,\"caption\":\"Union Belge de la Chasse et de la ruralit\u00e9\"},\"image\":{\"@id\":\"https:\/\/ubcr.be\/ubcrubcr\/#\/schema\/logo\/image\/\"}},{\"@type\":\"Person\",\"@id\":\"https:\/\/ubcr.be\/ubcrubcr\/#\/schema\/person\/e2564e0d7b8aa01281ecc8f55d524de3\",\"name\":\"UBCR\",\"image\":{\"@type\":\"ImageObject\",\"inLanguage\":\"fr-FR\",\"@id\":\"https:\/\/ubcr.be\/ubcrubcr\/#\/schema\/person\/image\/\",\"url\":\"https:\/\/secure.gravatar.com\/avatar\/6fcd7489cc5ccf661c39a961500084b7c4d5d708f1e89189a30c5f6e12ba733e?s=96&d=mm&r=g\",\"contentUrl\":\"https:\/\/secure.gravatar.com\/avatar\/6fcd7489cc5ccf661c39a961500084b7c4d5d708f1e89189a30c5f6e12ba733e?s=96&d=mm&r=g\",\"caption\":\"UBCR\"},\"sameAs\":[\"http:\/\/ubcr.be\/ubcrubcr\"],\"url\":\"https:\/\/ubcr.be\/ubcrubcr\/author\/ubcrbelubcr\/\"}]}<\/script>\n<!-- \/ Yoast SEO plugin. -->","yoast_head_json":{"title":"Lettre \u00e0 mon fr\u00e8re \u00e9colo [Fr] - UBCR","robots":{"index":"index","follow":"follow","max-snippet":"max-snippet:-1","max-image-preview":"max-image-preview:large","max-video-preview":"max-video-preview:-1"},"canonical":"https:\/\/ubcr.be\/ubcrubcr\/lettre-a-mon-frere-ecolo\/","og_locale":"fr_FR","og_type":"article","og_title":"Lettre \u00e0 mon fr\u00e8re \u00e9colo [Fr] - UBCR","og_url":"https:\/\/ubcr.be\/ubcrubcr\/lettre-a-mon-frere-ecolo\/","og_site_name":"UBCR","article_published_time":"2023-12-28T16:15:44+00:00","article_modified_time":"2024-01-29T13:46:09+00:00","og_image":[{"width":1200,"height":800,"url":"https:\/\/ubcr.be\/ubcrubcr\/wp-content\/uploads\/2023\/12\/Lettre-Frere-Ecolo.jpg","type":"image\/jpeg"}],"author":"UBCR","twitter_card":"summary_large_image","twitter_misc":{"\u00c9crit par":"UBCR","Dur\u00e9e de lecture estim\u00e9e":"5 minutes"},"schema":{"@context":"https:\/\/schema.org","@graph":[{"@type":"Article","@id":"https:\/\/ubcr.be\/ubcrubcr\/lettre-a-mon-frere-ecolo\/#article","isPartOf":{"@id":"https:\/\/ubcr.be\/ubcrubcr\/lettre-a-mon-frere-ecolo\/"},"author":{"name":"UBCR","@id":"https:\/\/ubcr.be\/ubcrubcr\/#\/schema\/person\/e2564e0d7b8aa01281ecc8f55d524de3"},"headline":"Lettre \u00e0 mon fr\u00e8re \u00e9colo [Fr]","datePublished":"2023-12-28T16:15:44+00:00","dateModified":"2024-01-29T13:46:09+00:00","mainEntityOfPage":{"@id":"https:\/\/ubcr.be\/ubcrubcr\/lettre-a-mon-frere-ecolo\/"},"wordCount":891,"publisher":{"@id":"https:\/\/ubcr.be\/ubcrubcr\/#organization"},"image":{"@id":"https:\/\/ubcr.be\/ubcrubcr\/lettre-a-mon-frere-ecolo\/#primaryimage"},"thumbnailUrl":"https:\/\/ubcr.be\/ubcrubcr\/wp-content\/uploads\/2023\/12\/Lettre-Frere-Ecolo.jpg","articleSection":["Le Blog","Publications"],"inLanguage":"fr-FR"},{"@type":"WebPage","@id":"https:\/\/ubcr.be\/ubcrubcr\/lettre-a-mon-frere-ecolo\/","url":"https:\/\/ubcr.be\/ubcrubcr\/lettre-a-mon-frere-ecolo\/","name":"Lettre \u00e0 mon fr\u00e8re \u00e9colo [Fr] - UBCR","isPartOf":{"@id":"https:\/\/ubcr.be\/ubcrubcr\/#website"},"primaryImageOfPage":{"@id":"https:\/\/ubcr.be\/ubcrubcr\/lettre-a-mon-frere-ecolo\/#primaryimage"},"image":{"@id":"https:\/\/ubcr.be\/ubcrubcr\/lettre-a-mon-frere-ecolo\/#primaryimage"},"thumbnailUrl":"https:\/\/ubcr.be\/ubcrubcr\/wp-content\/uploads\/2023\/12\/Lettre-Frere-Ecolo.jpg","datePublished":"2023-12-28T16:15:44+00:00","dateModified":"2024-01-29T13:46:09+00:00","breadcrumb":{"@id":"https:\/\/ubcr.be\/ubcrubcr\/lettre-a-mon-frere-ecolo\/#breadcrumb"},"inLanguage":"fr-FR","potentialAction":[{"@type":"ReadAction","target":["https:\/\/ubcr.be\/ubcrubcr\/lettre-a-mon-frere-ecolo\/"]}]},{"@type":"ImageObject","inLanguage":"fr-FR","@id":"https:\/\/ubcr.be\/ubcrubcr\/lettre-a-mon-frere-ecolo\/#primaryimage","url":"https:\/\/ubcr.be\/ubcrubcr\/wp-content\/uploads\/2023\/12\/Lettre-Frere-Ecolo.jpg","contentUrl":"https:\/\/ubcr.be\/ubcrubcr\/wp-content\/uploads\/2023\/12\/Lettre-Frere-Ecolo.jpg","width":1200,"height":800},{"@type":"BreadcrumbList","@id":"https:\/\/ubcr.be\/ubcrubcr\/lettre-a-mon-frere-ecolo\/#breadcrumb","itemListElement":[{"@type":"ListItem","position":1,"name":"Accueil","item":"https:\/\/ubcr.be\/ubcrubcr\/"},{"@type":"ListItem","position":2,"name":"Lettre \u00e0 mon fr\u00e8re \u00e9colo [Fr]"}]},{"@type":"WebSite","@id":"https:\/\/ubcr.be\/ubcrubcr\/#website","url":"https:\/\/ubcr.be\/ubcrubcr\/","name":"UBCR","description":"Union Belge de la Chasse et de la Ruralit\u00e9","publisher":{"@id":"https:\/\/ubcr.be\/ubcrubcr\/#organization"},"potentialAction":[{"@type":"SearchAction","target":{"@type":"EntryPoint","urlTemplate":"https:\/\/ubcr.be\/ubcrubcr\/?s={search_term_string}"},"query-input":{"@type":"PropertyValueSpecification","valueRequired":true,"valueName":"search_term_string"}}],"inLanguage":"fr-FR"},{"@type":"Organization","@id":"https:\/\/ubcr.be\/ubcrubcr\/#organization","name":"Union Belge de la Chasse et de la ruralit\u00e9","url":"https:\/\/ubcr.be\/ubcrubcr\/","logo":{"@type":"ImageObject","inLanguage":"fr-FR","@id":"https:\/\/ubcr.be\/ubcrubcr\/#\/schema\/logo\/image\/","url":"https:\/\/ubcr.be\/ubcrubcr\/wp-content\/uploads\/2023\/10\/Logo-2023-UBCR_Web3.png","contentUrl":"https:\/\/ubcr.be\/ubcrubcr\/wp-content\/uploads\/2023\/10\/Logo-2023-UBCR_Web3.png","width":381,"height":139,"caption":"Union Belge de la Chasse et de la ruralit\u00e9"},"image":{"@id":"https:\/\/ubcr.be\/ubcrubcr\/#\/schema\/logo\/image\/"}},{"@type":"Person","@id":"https:\/\/ubcr.be\/ubcrubcr\/#\/schema\/person\/e2564e0d7b8aa01281ecc8f55d524de3","name":"UBCR","image":{"@type":"ImageObject","inLanguage":"fr-FR","@id":"https:\/\/ubcr.be\/ubcrubcr\/#\/schema\/person\/image\/","url":"https:\/\/secure.gravatar.com\/avatar\/6fcd7489cc5ccf661c39a961500084b7c4d5d708f1e89189a30c5f6e12ba733e?s=96&d=mm&r=g","contentUrl":"https:\/\/secure.gravatar.com\/avatar\/6fcd7489cc5ccf661c39a961500084b7c4d5d708f1e89189a30c5f6e12ba733e?s=96&d=mm&r=g","caption":"UBCR"},"sameAs":["http:\/\/ubcr.be\/ubcrubcr"],"url":"https:\/\/ubcr.be\/ubcrubcr\/author\/ubcrbelubcr\/"}]}},"_links":{"self":[{"href":"https:\/\/ubcr.be\/ubcrubcr\/wp-json\/wp\/v2\/posts\/883","targetHints":{"allow":["GET"]}}],"collection":[{"href":"https:\/\/ubcr.be\/ubcrubcr\/wp-json\/wp\/v2\/posts"}],"about":[{"href":"https:\/\/ubcr.be\/ubcrubcr\/wp-json\/wp\/v2\/types\/post"}],"author":[{"embeddable":true,"href":"https:\/\/ubcr.be\/ubcrubcr\/wp-json\/wp\/v2\/users\/1"}],"replies":[{"embeddable":true,"href":"https:\/\/ubcr.be\/ubcrubcr\/wp-json\/wp\/v2\/comments?post=883"}],"version-history":[{"count":3,"href":"https:\/\/ubcr.be\/ubcrubcr\/wp-json\/wp\/v2\/posts\/883\/revisions"}],"predecessor-version":[{"id":983,"href":"https:\/\/ubcr.be\/ubcrubcr\/wp-json\/wp\/v2\/posts\/883\/revisions\/983"}],"wp:featuredmedia":[{"embeddable":true,"href":"https:\/\/ubcr.be\/ubcrubcr\/wp-json\/wp\/v2\/media\/884"}],"wp:attachment":[{"href":"https:\/\/ubcr.be\/ubcrubcr\/wp-json\/wp\/v2\/media?parent=883"}],"wp:term":[{"taxonomy":"category","embeddable":true,"href":"https:\/\/ubcr.be\/ubcrubcr\/wp-json\/wp\/v2\/categories?post=883"},{"taxonomy":"post_tag","embeddable":true,"href":"https:\/\/ubcr.be\/ubcrubcr\/wp-json\/wp\/v2\/tags?post=883"}],"curies":[{"name":"wp","href":"https:\/\/api.w.org\/{rel}","templated":true}]}}