{"id":1415,"date":"2026-03-06T09:16:16","date_gmt":"2026-03-06T08:16:16","guid":{"rendered":"https:\/\/ubcr.be\/ubcrubcr\/?p=1415"},"modified":"2026-03-06T09:20:57","modified_gmt":"2026-03-06T08:20:57","slug":"conseil-de-lecture-le-livre-blanc-de-la-fondation-francois-sommer","status":"publish","type":"post","link":"https:\/\/ubcr.be\/ubcrubcr\/conseil-de-lecture-le-livre-blanc-de-la-fondation-francois-sommer\/","title":{"rendered":"Conseil de lecture : Le Livre Blanc de la Fondation Fran\u00e7ois Sommer"},"content":{"rendered":"\n<p><\/p>\n\n\n\n<p>Nous avons pris contact avec la fondation Fran\u00e7ois Sommer, fondation qui r\u00e9fl\u00e9chit \u00e0 l\u2019\u00e9volution de la chasse dans le temps. Ils ont r\u00e9dig\u00e9 un livre blanc que nous vous conseillons de lire.<\/p>\n\n\n\n<p>Ce livre r\u00e9fl\u00e9chit \u00e0 l\u2019\u00e9volution probable ou souhaitable de la chasse jusqu\u2019en 2040.<\/p>\n\n\n\n<p>Nous en publierons les prochains mois des extraits sur le site de l\u2019UBCR.<\/p>\n\n\n\n<p>En voici une premi\u00e8re approche&nbsp;:<\/p>\n\n\n\n<p><strong>Chantier \u00e9thique de la chasse et \u00e0 la chasse<\/strong><\/p>\n\n\n\n<p>Trois types d\u2019arguments pour la chasse- plaisir&nbsp;:<\/p>\n\n\n\n<ol class=\"wp-block-list\">\n<li>Libert\u00e9 de conscience : appartenance \u00e0 une soci\u00e9t\u00e9 respectueuse des droits et des libert\u00e9s de chacun, quelque soit la diversit\u00e9 des opinions.<\/li>\n\n\n\n<li>La chasse t\u00e9moigne d\u2019une civilisation tr\u00e8s ancienne, d\u2019une \u00e9poque ou la plupart des gens habitaient la campagne. Ce n\u2019est pas \u00e0 notre civilisation urbaine de l\u00e9gitimer le fait de faire dispara\u00eetre la chasse.<\/li>\n\n\n\n<li>Le plaisir de chasser n\u2019est pas le plaisir de tuer, mais la rencontre avec la nature sauvage qui procure une sensation que l\u2019on ne rencontre pas ailleurs.<\/li>\n<\/ol>\n\n\n\n<p>C\u2019est faire partie du monde sauvage qui entoure l\u2019homme depuis sa cr\u00e9ation.<\/p>\n\n\n\n<p><strong>Ethique cyn\u00e9g\u00e9tique<\/strong><\/p>\n\n\n\n<ul class=\"wp-block-list\">\n<li>Le chasseur doit avoir le souci de g\u00e9rer les esp\u00e8ces, d\u2019o\u00f9 les plans de tirs pour les grands gibiers, les am\u00e9nagements pour le petit gibier.<\/li>\n<\/ul>\n\n\n\n<ul class=\"wp-block-list\">\n<li>En second lieu, noblesse de l\u2019acte de chasse&nbsp;: Se donner les moyens pour rencontrer au plus pr\u00e8s l\u2019animal sauvage (usage de chiens, approche,\u2026). <\/li>\n<\/ul>\n\n\n\n<ul class=\"wp-block-list\">\n<li>Respect de l\u2019animal et faire au mieux pour que sa mort soit digne et propre.<\/li>\n<\/ul>\n\n\n\n<p><strong>Quelques clefs pour une plus grande \u00e9thique \u00e0 la chasse<\/strong><\/p>\n\n\n\n<p><strong>Enjeu 1<\/strong><\/p>\n\n\n\n<ul class=\"wp-block-list\">\n<li>Le chasseur s\u2019int\u00e9resse \u00e0 la nature dans laquelle il pr\u00e9l\u00e8ve son gibier<\/li>\n\n\n\n<li>Le chasseur s\u2019assure du bon \u00e9tat des populations qu\u2019il chasse et la bonne conservation des espaces dans laquelle il chasse.<\/li>\n\n\n\n<li>Un tableau pl\u00e9thorique n\u2019est pas un signe majeur de r\u00e9ussite.<\/li>\n\n\n\n<li>La chasse est aussi le plaisir de se rencontrer entre gens unis par la m\u00eame passion.<\/li>\n<\/ul>\n\n\n\n<p><strong>Enjeu 2<\/strong><\/p>\n\n\n\n<ul class=\"wp-block-list\">\n<li>Respect de l\u2019animal chass\u00e9<\/li>\n\n\n\n<li>Tuer net autant que possible et \u00e9viter les tirs hasardeux.<\/li>\n\n\n\n<li>Tirer sur un animal identifi\u00e9.<\/li>\n\n\n\n<li>Contr\u00f4ler le tir.<\/li>\n\n\n\n<li>Rechercher l\u2019animal bless\u00e9.<\/li>\n<\/ul>\n\n\n\n<p><strong>Enjeu 3<\/strong><\/p>\n\n\n\n<p>Chasse en espace clos. Discutable suivant l\u2019\u00e9volution soci\u00e9tale.<\/p>\n\n\n\n<p>Propositions&nbsp;:<\/p>\n\n\n\n<ul class=\"wp-block-list\">\n<li>L\u2019espace clos doit correspondre au moins \u00e0 l\u2019espace vital de l\u2019esp\u00e8ce chass\u00e9e avec refuges et nourriture.<\/li>\n\n\n\n<li>Les cl\u00f4tures ne doivent pas emp\u00eacher la libre circulation de la faune.<\/li>\n\n\n\n<li>Maintenir les cl\u00f4tures aupr\u00e8s des routes pour des raisons de s\u00e9curit\u00e9.<\/li>\n\n\n\n<li>Nourrissage accessoire si la population est adapt\u00e9e au milieu.<\/li>\n<\/ul>\n\n\n\n<p><strong>Enjeu 4<\/strong><\/p>\n\n\n\n<ul class=\"wp-block-list\">\n<li>L\u2019\u00e9levage de l\u2019esp\u00e8ce chassable en vue du repeuplement est l\u00e9gitime.<\/li>\n\n\n\n<li>L\u2019\u00e9levage en vue de l\u00e2cher avant la chasse n\u2019est pas d\u00e9fendable.<\/li>\n\n\n\n<li>Les l\u00e2chers doivent \u00eatre r\u00e9alis\u00e9s plusieurs mois avant la chasse pour laisser au gibier le temps d\u2019adaptation au milieu.<\/li>\n<\/ul>\n\n\n\n<p>Nous publierons quelques articles prochainement en lien avec ce Livre Blanc de la fondation Fran\u00e7ois Sommer, fque \u00e0 nouveau nous ne pouvons que vivement vous conseiller de lire.<\/p>\n","protected":false},"excerpt":{"rendered":"<p>Nous avons pris contact avec la fondation Fran\u00e7ois Sommer, fondation qui r\u00e9fl\u00e9chit \u00e0 l\u2019\u00e9volution de la chasse dans le temps. Ils ont r\u00e9dig\u00e9 un livre blanc que nous vous conseillons de lire. Ce livre r\u00e9fl\u00e9chit \u00e0 l\u2019\u00e9volution probable ou souhaitable de la chasse jusqu\u2019en 2040. Nous en publierons les prochains mois des extraits sur le [&hellip;]<\/p>\n","protected":false},"author":1,"featured_media":0,"comment_status":"closed","ping_status":"closed","sticky":false,"template":"","format":"standard","meta":{"ngg_post_thumbnail":0,"ocean_post_layout":"left-sidebar","ocean_both_sidebars_style":"","ocean_both_sidebars_content_width":0,"ocean_both_sidebars_sidebars_width":0,"ocean_sidebar":"sidebar-2","ocean_second_sidebar":"","ocean_disable_margins":"enable","ocean_add_body_class":"","ocean_shortcode_before_top_bar":"","ocean_shortcode_after_top_bar":"","ocean_shortcode_before_header":"","ocean_shortcode_after_header":"","ocean_has_shortcode":"","ocean_shortcode_after_title":"","ocean_shortcode_before_footer_widgets":"","ocean_shortcode_after_footer_widgets":"","ocean_shortcode_before_footer_bottom":"","ocean_shortcode_after_footer_bottom":"","ocean_display_top_bar":"default","ocean_display_header":"default","ocean_header_style":"","ocean_center_header_left_menu":"","ocean_custom_header_template":"","ocean_custom_logo":0,"ocean_custom_retina_logo":0,"ocean_custom_logo_max_width":0,"ocean_custom_logo_tablet_max_width":0,"ocean_custom_logo_mobile_max_width":0,"ocean_custom_logo_max_height":0,"ocean_custom_logo_tablet_max_height":0,"ocean_custom_logo_mobile_max_height":0,"ocean_header_custom_menu":"","ocean_menu_typo_font_family":"","ocean_menu_typo_font_subset":"","ocean_menu_typo_font_size":0,"ocean_menu_typo_font_size_tablet":0,"ocean_menu_typo_font_size_mobile":0,"ocean_menu_typo_font_size_unit":"px","ocean_menu_typo_font_weight":"","ocean_menu_typo_font_weight_tablet":"","ocean_menu_typo_font_weight_mobile":"","ocean_menu_typo_transform":"","ocean_menu_typo_transform_tablet":"","ocean_menu_typo_transform_mobile":"","ocean_menu_typo_line_height":0,"ocean_menu_typo_line_height_tablet":0,"ocean_menu_typo_line_height_mobile":0,"ocean_menu_typo_line_height_unit":"","ocean_menu_typo_spacing":0,"ocean_menu_typo_spacing_tablet":0,"ocean_menu_typo_spacing_mobile":0,"ocean_menu_typo_spacing_unit":"","ocean_menu_link_color":"","ocean_menu_link_color_hover":"","ocean_menu_link_color_active":"","ocean_menu_link_background":"","ocean_menu_link_hover_background":"","ocean_menu_link_active_background":"","ocean_menu_social_links_bg":"","ocean_menu_social_hover_links_bg":"","ocean_menu_social_links_color":"","ocean_menu_social_hover_links_color":"","ocean_disable_title":"default","ocean_disable_heading":"default","ocean_post_title":"","ocean_post_subheading":"","ocean_post_title_style":"","ocean_post_title_background_color":"","ocean_post_title_background":0,"ocean_post_title_bg_image_position":"","ocean_post_title_bg_image_attachment":"","ocean_post_title_bg_image_repeat":"","ocean_post_title_bg_image_size":"","ocean_post_title_height":0,"ocean_post_title_bg_overlay":0.5,"ocean_post_title_bg_overlay_color":"","ocean_disable_breadcrumbs":"default","ocean_breadcrumbs_color":"","ocean_breadcrumbs_separator_color":"","ocean_breadcrumbs_links_color":"","ocean_breadcrumbs_links_hover_color":"","ocean_display_footer_widgets":"default","ocean_display_footer_bottom":"default","ocean_custom_footer_template":"","_themeisle_gutenberg_block_has_review":false,"ocean_post_oembed":"","ocean_post_self_hosted_media":"","ocean_post_video_embed":"","ocean_link_format":"","ocean_link_format_target":"self","ocean_quote_format":"","ocean_quote_format_link":"post","ocean_gallery_link_images":"on","ocean_gallery_id":[],"footnotes":""},"categories":[21],"tags":[],"class_list":["post-1415","post","type-post","status-publish","format-standard","hentry","category-communications","entry"],"yoast_head":"<!-- This site is optimized with the Yoast SEO plugin v27.0 - https:\/\/yoast.com\/product\/yoast-seo-wordpress\/ -->\n<title>Conseil de lecture : Le Livre Blanc de la Fondation Fran\u00e7ois Sommer - UBCR<\/title>\n<meta name=\"robots\" content=\"index, follow, max-snippet:-1, max-image-preview:large, max-video-preview:-1\" \/>\n<link rel=\"canonical\" href=\"https:\/\/ubcr.be\/ubcrubcr\/conseil-de-lecture-le-livre-blanc-de-la-fondation-francois-sommer\/\" \/>\n<meta property=\"og:locale\" content=\"fr_FR\" \/>\n<meta property=\"og:type\" content=\"article\" \/>\n<meta property=\"og:title\" content=\"Conseil de lecture : Le Livre Blanc de la Fondation Fran\u00e7ois Sommer - UBCR\" \/>\n<meta property=\"og:description\" content=\"Nous avons pris contact avec la fondation Fran\u00e7ois Sommer, fondation qui r\u00e9fl\u00e9chit \u00e0 l\u2019\u00e9volution de la chasse dans le temps. Ils ont r\u00e9dig\u00e9 un livre blanc que nous vous conseillons de lire. Ce livre r\u00e9fl\u00e9chit \u00e0 l\u2019\u00e9volution probable ou souhaitable de la chasse jusqu\u2019en 2040. Nous en publierons les prochains mois des extraits sur le [&hellip;]\" \/>\n<meta property=\"og:url\" content=\"https:\/\/ubcr.be\/ubcrubcr\/conseil-de-lecture-le-livre-blanc-de-la-fondation-francois-sommer\/\" \/>\n<meta property=\"og:site_name\" content=\"UBCR\" \/>\n<meta property=\"article:published_time\" content=\"2026-03-06T08:16:16+00:00\" \/>\n<meta property=\"article:modified_time\" content=\"2026-03-06T08:20:57+00:00\" \/>\n<meta name=\"author\" content=\"UBCR\" \/>\n<meta name=\"twitter:card\" content=\"summary_large_image\" \/>\n<meta name=\"twitter:label1\" content=\"\u00c9crit par\" \/>\n\t<meta name=\"twitter:data1\" content=\"UBCR\" \/>\n\t<meta name=\"twitter:label2\" content=\"Dur\u00e9e de lecture estim\u00e9e\" \/>\n\t<meta name=\"twitter:data2\" content=\"3 minutes\" \/>\n<script type=\"application\/ld+json\" class=\"yoast-schema-graph\">{\"@context\":\"https:\/\/schema.org\",\"@graph\":[{\"@type\":\"Article\",\"@id\":\"https:\/\/ubcr.be\/ubcrubcr\/conseil-de-lecture-le-livre-blanc-de-la-fondation-francois-sommer\/#article\",\"isPartOf\":{\"@id\":\"https:\/\/ubcr.be\/ubcrubcr\/conseil-de-lecture-le-livre-blanc-de-la-fondation-francois-sommer\/\"},\"author\":{\"name\":\"UBCR\",\"@id\":\"https:\/\/ubcr.be\/ubcrubcr\/#\/schema\/person\/e2564e0d7b8aa01281ecc8f55d524de3\"},\"headline\":\"Conseil de lecture : Le Livre Blanc de la Fondation Fran\u00e7ois Sommer\",\"datePublished\":\"2026-03-06T08:16:16+00:00\",\"dateModified\":\"2026-03-06T08:20:57+00:00\",\"mainEntityOfPage\":{\"@id\":\"https:\/\/ubcr.be\/ubcrubcr\/conseil-de-lecture-le-livre-blanc-de-la-fondation-francois-sommer\/\"},\"wordCount\":540,\"publisher\":{\"@id\":\"https:\/\/ubcr.be\/ubcrubcr\/#organization\"},\"articleSection\":[\"Communications\"],\"inLanguage\":\"fr-FR\"},{\"@type\":\"WebPage\",\"@id\":\"https:\/\/ubcr.be\/ubcrubcr\/conseil-de-lecture-le-livre-blanc-de-la-fondation-francois-sommer\/\",\"url\":\"https:\/\/ubcr.be\/ubcrubcr\/conseil-de-lecture-le-livre-blanc-de-la-fondation-francois-sommer\/\",\"name\":\"Conseil de lecture : Le Livre Blanc de la Fondation Fran\u00e7ois Sommer - UBCR\",\"isPartOf\":{\"@id\":\"https:\/\/ubcr.be\/ubcrubcr\/#website\"},\"datePublished\":\"2026-03-06T08:16:16+00:00\",\"dateModified\":\"2026-03-06T08:20:57+00:00\",\"breadcrumb\":{\"@id\":\"https:\/\/ubcr.be\/ubcrubcr\/conseil-de-lecture-le-livre-blanc-de-la-fondation-francois-sommer\/#breadcrumb\"},\"inLanguage\":\"fr-FR\",\"potentialAction\":[{\"@type\":\"ReadAction\",\"target\":[\"https:\/\/ubcr.be\/ubcrubcr\/conseil-de-lecture-le-livre-blanc-de-la-fondation-francois-sommer\/\"]}]},{\"@type\":\"BreadcrumbList\",\"@id\":\"https:\/\/ubcr.be\/ubcrubcr\/conseil-de-lecture-le-livre-blanc-de-la-fondation-francois-sommer\/#breadcrumb\",\"itemListElement\":[{\"@type\":\"ListItem\",\"position\":1,\"name\":\"Accueil\",\"item\":\"https:\/\/ubcr.be\/ubcrubcr\/\"},{\"@type\":\"ListItem\",\"position\":2,\"name\":\"Conseil de lecture : Le Livre Blanc de la Fondation Fran\u00e7ois Sommer\"}]},{\"@type\":\"WebSite\",\"@id\":\"https:\/\/ubcr.be\/ubcrubcr\/#website\",\"url\":\"https:\/\/ubcr.be\/ubcrubcr\/\",\"name\":\"UBCR\",\"description\":\"Union Belge de la Chasse et de la Ruralit\u00e9\",\"publisher\":{\"@id\":\"https:\/\/ubcr.be\/ubcrubcr\/#organization\"},\"potentialAction\":[{\"@type\":\"SearchAction\",\"target\":{\"@type\":\"EntryPoint\",\"urlTemplate\":\"https:\/\/ubcr.be\/ubcrubcr\/?s={search_term_string}\"},\"query-input\":{\"@type\":\"PropertyValueSpecification\",\"valueRequired\":true,\"valueName\":\"search_term_string\"}}],\"inLanguage\":\"fr-FR\"},{\"@type\":\"Organization\",\"@id\":\"https:\/\/ubcr.be\/ubcrubcr\/#organization\",\"name\":\"Union Belge de la Chasse et de la ruralit\u00e9\",\"url\":\"https:\/\/ubcr.be\/ubcrubcr\/\",\"logo\":{\"@type\":\"ImageObject\",\"inLanguage\":\"fr-FR\",\"@id\":\"https:\/\/ubcr.be\/ubcrubcr\/#\/schema\/logo\/image\/\",\"url\":\"https:\/\/ubcr.be\/ubcrubcr\/wp-content\/uploads\/2023\/10\/Logo-2023-UBCR_Web3.png\",\"contentUrl\":\"https:\/\/ubcr.be\/ubcrubcr\/wp-content\/uploads\/2023\/10\/Logo-2023-UBCR_Web3.png\",\"width\":381,\"height\":139,\"caption\":\"Union Belge de la Chasse et de la ruralit\u00e9\"},\"image\":{\"@id\":\"https:\/\/ubcr.be\/ubcrubcr\/#\/schema\/logo\/image\/\"}},{\"@type\":\"Person\",\"@id\":\"https:\/\/ubcr.be\/ubcrubcr\/#\/schema\/person\/e2564e0d7b8aa01281ecc8f55d524de3\",\"name\":\"UBCR\",\"image\":{\"@type\":\"ImageObject\",\"inLanguage\":\"fr-FR\",\"@id\":\"https:\/\/ubcr.be\/ubcrubcr\/#\/schema\/person\/image\/\",\"url\":\"https:\/\/secure.gravatar.com\/avatar\/6fcd7489cc5ccf661c39a961500084b7c4d5d708f1e89189a30c5f6e12ba733e?s=96&d=mm&r=g\",\"contentUrl\":\"https:\/\/secure.gravatar.com\/avatar\/6fcd7489cc5ccf661c39a961500084b7c4d5d708f1e89189a30c5f6e12ba733e?s=96&d=mm&r=g\",\"caption\":\"UBCR\"},\"sameAs\":[\"http:\/\/ubcr.be\/ubcrubcr\"],\"url\":\"https:\/\/ubcr.be\/ubcrubcr\/author\/ubcrbelubcr\/\"}]}<\/script>\n<!-- \/ Yoast SEO plugin. -->","yoast_head_json":{"title":"Conseil de lecture : Le Livre Blanc de la Fondation Fran\u00e7ois Sommer - UBCR","robots":{"index":"index","follow":"follow","max-snippet":"max-snippet:-1","max-image-preview":"max-image-preview:large","max-video-preview":"max-video-preview:-1"},"canonical":"https:\/\/ubcr.be\/ubcrubcr\/conseil-de-lecture-le-livre-blanc-de-la-fondation-francois-sommer\/","og_locale":"fr_FR","og_type":"article","og_title":"Conseil de lecture : Le Livre Blanc de la Fondation Fran\u00e7ois Sommer - UBCR","og_description":"Nous avons pris contact avec la fondation Fran\u00e7ois Sommer, fondation qui r\u00e9fl\u00e9chit \u00e0 l\u2019\u00e9volution de la chasse dans le temps. Ils ont r\u00e9dig\u00e9 un livre blanc que nous vous conseillons de lire. Ce livre r\u00e9fl\u00e9chit \u00e0 l\u2019\u00e9volution probable ou souhaitable de la chasse jusqu\u2019en 2040. Nous en publierons les prochains mois des extraits sur le [&hellip;]","og_url":"https:\/\/ubcr.be\/ubcrubcr\/conseil-de-lecture-le-livre-blanc-de-la-fondation-francois-sommer\/","og_site_name":"UBCR","article_published_time":"2026-03-06T08:16:16+00:00","article_modified_time":"2026-03-06T08:20:57+00:00","author":"UBCR","twitter_card":"summary_large_image","twitter_misc":{"\u00c9crit par":"UBCR","Dur\u00e9e de lecture estim\u00e9e":"3 minutes"},"schema":{"@context":"https:\/\/schema.org","@graph":[{"@type":"Article","@id":"https:\/\/ubcr.be\/ubcrubcr\/conseil-de-lecture-le-livre-blanc-de-la-fondation-francois-sommer\/#article","isPartOf":{"@id":"https:\/\/ubcr.be\/ubcrubcr\/conseil-de-lecture-le-livre-blanc-de-la-fondation-francois-sommer\/"},"author":{"name":"UBCR","@id":"https:\/\/ubcr.be\/ubcrubcr\/#\/schema\/person\/e2564e0d7b8aa01281ecc8f55d524de3"},"headline":"Conseil de lecture : Le Livre Blanc de la Fondation Fran\u00e7ois Sommer","datePublished":"2026-03-06T08:16:16+00:00","dateModified":"2026-03-06T08:20:57+00:00","mainEntityOfPage":{"@id":"https:\/\/ubcr.be\/ubcrubcr\/conseil-de-lecture-le-livre-blanc-de-la-fondation-francois-sommer\/"},"wordCount":540,"publisher":{"@id":"https:\/\/ubcr.be\/ubcrubcr\/#organization"},"articleSection":["Communications"],"inLanguage":"fr-FR"},{"@type":"WebPage","@id":"https:\/\/ubcr.be\/ubcrubcr\/conseil-de-lecture-le-livre-blanc-de-la-fondation-francois-sommer\/","url":"https:\/\/ubcr.be\/ubcrubcr\/conseil-de-lecture-le-livre-blanc-de-la-fondation-francois-sommer\/","name":"Conseil de lecture : Le Livre Blanc de la Fondation Fran\u00e7ois Sommer - UBCR","isPartOf":{"@id":"https:\/\/ubcr.be\/ubcrubcr\/#website"},"datePublished":"2026-03-06T08:16:16+00:00","dateModified":"2026-03-06T08:20:57+00:00","breadcrumb":{"@id":"https:\/\/ubcr.be\/ubcrubcr\/conseil-de-lecture-le-livre-blanc-de-la-fondation-francois-sommer\/#breadcrumb"},"inLanguage":"fr-FR","potentialAction":[{"@type":"ReadAction","target":["https:\/\/ubcr.be\/ubcrubcr\/conseil-de-lecture-le-livre-blanc-de-la-fondation-francois-sommer\/"]}]},{"@type":"BreadcrumbList","@id":"https:\/\/ubcr.be\/ubcrubcr\/conseil-de-lecture-le-livre-blanc-de-la-fondation-francois-sommer\/#breadcrumb","itemListElement":[{"@type":"ListItem","position":1,"name":"Accueil","item":"https:\/\/ubcr.be\/ubcrubcr\/"},{"@type":"ListItem","position":2,"name":"Conseil de lecture : Le Livre Blanc de la Fondation Fran\u00e7ois Sommer"}]},{"@type":"WebSite","@id":"https:\/\/ubcr.be\/ubcrubcr\/#website","url":"https:\/\/ubcr.be\/ubcrubcr\/","name":"UBCR","description":"Union Belge de la Chasse et de la Ruralit\u00e9","publisher":{"@id":"https:\/\/ubcr.be\/ubcrubcr\/#organization"},"potentialAction":[{"@type":"SearchAction","target":{"@type":"EntryPoint","urlTemplate":"https:\/\/ubcr.be\/ubcrubcr\/?s={search_term_string}"},"query-input":{"@type":"PropertyValueSpecification","valueRequired":true,"valueName":"search_term_string"}}],"inLanguage":"fr-FR"},{"@type":"Organization","@id":"https:\/\/ubcr.be\/ubcrubcr\/#organization","name":"Union Belge de la Chasse et de la ruralit\u00e9","url":"https:\/\/ubcr.be\/ubcrubcr\/","logo":{"@type":"ImageObject","inLanguage":"fr-FR","@id":"https:\/\/ubcr.be\/ubcrubcr\/#\/schema\/logo\/image\/","url":"https:\/\/ubcr.be\/ubcrubcr\/wp-content\/uploads\/2023\/10\/Logo-2023-UBCR_Web3.png","contentUrl":"https:\/\/ubcr.be\/ubcrubcr\/wp-content\/uploads\/2023\/10\/Logo-2023-UBCR_Web3.png","width":381,"height":139,"caption":"Union Belge de la Chasse et de la ruralit\u00e9"},"image":{"@id":"https:\/\/ubcr.be\/ubcrubcr\/#\/schema\/logo\/image\/"}},{"@type":"Person","@id":"https:\/\/ubcr.be\/ubcrubcr\/#\/schema\/person\/e2564e0d7b8aa01281ecc8f55d524de3","name":"UBCR","image":{"@type":"ImageObject","inLanguage":"fr-FR","@id":"https:\/\/ubcr.be\/ubcrubcr\/#\/schema\/person\/image\/","url":"https:\/\/secure.gravatar.com\/avatar\/6fcd7489cc5ccf661c39a961500084b7c4d5d708f1e89189a30c5f6e12ba733e?s=96&d=mm&r=g","contentUrl":"https:\/\/secure.gravatar.com\/avatar\/6fcd7489cc5ccf661c39a961500084b7c4d5d708f1e89189a30c5f6e12ba733e?s=96&d=mm&r=g","caption":"UBCR"},"sameAs":["http:\/\/ubcr.be\/ubcrubcr"],"url":"https:\/\/ubcr.be\/ubcrubcr\/author\/ubcrbelubcr\/"}]}},"_links":{"self":[{"href":"https:\/\/ubcr.be\/ubcrubcr\/wp-json\/wp\/v2\/posts\/1415","targetHints":{"allow":["GET"]}}],"collection":[{"href":"https:\/\/ubcr.be\/ubcrubcr\/wp-json\/wp\/v2\/posts"}],"about":[{"href":"https:\/\/ubcr.be\/ubcrubcr\/wp-json\/wp\/v2\/types\/post"}],"author":[{"embeddable":true,"href":"https:\/\/ubcr.be\/ubcrubcr\/wp-json\/wp\/v2\/users\/1"}],"replies":[{"embeddable":true,"href":"https:\/\/ubcr.be\/ubcrubcr\/wp-json\/wp\/v2\/comments?post=1415"}],"version-history":[{"count":3,"href":"https:\/\/ubcr.be\/ubcrubcr\/wp-json\/wp\/v2\/posts\/1415\/revisions"}],"predecessor-version":[{"id":1420,"href":"https:\/\/ubcr.be\/ubcrubcr\/wp-json\/wp\/v2\/posts\/1415\/revisions\/1420"}],"wp:attachment":[{"href":"https:\/\/ubcr.be\/ubcrubcr\/wp-json\/wp\/v2\/media?parent=1415"}],"wp:term":[{"taxonomy":"category","embeddable":true,"href":"https:\/\/ubcr.be\/ubcrubcr\/wp-json\/wp\/v2\/categories?post=1415"},{"taxonomy":"post_tag","embeddable":true,"href":"https:\/\/ubcr.be\/ubcrubcr\/wp-json\/wp\/v2\/tags?post=1415"}],"curies":[{"name":"wp","href":"https:\/\/api.w.org\/{rel}","templated":true}]}}