{"id":1414,"date":"2026-03-06T09:25:28","date_gmt":"2026-03-06T08:25:28","guid":{"rendered":"https:\/\/ubcr.be\/ubcrubcr\/?p=1414"},"modified":"2026-03-06T09:25:29","modified_gmt":"2026-03-06T08:25:29","slug":"reflexion-les-chasseurs-seuls-responsables-a-voir","status":"publish","type":"post","link":"https:\/\/ubcr.be\/ubcrubcr\/reflexion-les-chasseurs-seuls-responsables-a-voir\/","title":{"rendered":"R\u00e9flexion : Les chasseurs seuls responsables\u00a0?&#8230; A voir\u00a0!"},"content":{"rendered":"\n<p><\/p>\n\n\n\n<p><\/p>\n\n\n\n<p>Les adversaires de la chasse imputent la responsabilit\u00e9 de l\u2019augmentation de la population des sangliers aux chasseurs et aux d\u00e9rives de leur gestion.<\/p>\n\n\n\n<p>Et pourtant\u2026<\/p>\n\n\n\n<p>Physiologiquement la laie met bas en janvier-f\u00e9vrier. Connaissant la sensibilit\u00e9 des marcassins au froid, quand les hivers \u00e9taient rudes, les premi\u00e8res nich\u00e9es \u00e9taient souvent d\u00e9cim\u00e9es. D\u2019o\u00f9 une r\u00e9gulation naturelle des populations. Ce n\u2019est plus le cas suite au d\u00e9r\u00e8glement climatique. Les chasseurs n\u2019y sont pour rien \u2026<\/p>\n\n\n\n<p>Le d\u00e9r\u00e8glement climatique est aussi responsable des fructifications foresti\u00e8res abondantes et plus fr\u00e9quentes(glands, fa\u00eenes etc)\u00a0 , ce qui est favorable \u00e0 l\u2019augmentation du nombre de marcassins. Les chasseurs n\u2019y sont pour rien \u2026<\/p>\n\n\n\n<p>Ensuite, depuis trente ans le ma\u00efs a envahi nos campagnes. Toute la bonne saison, les sangliers y sont \u00e0 l\u2019abri avec le g\u00eete et le couvert. Les chasseurs n\u2019y sont pour rien \u2026<\/p>\n\n\n\n<p>Quand au nourrissage des sangliers, fait dans les r\u00e8gles ( petites quantit\u00e9s r\u00e9guli\u00e8res) il maintient les sangliers au bois et influence peu l\u2019augmentation de la population. Les d\u00e9rives du nourrissage sont le fait d\u2019un petit nombre de chasseurs. Mais acceptons notre responsabilit\u00e9.<\/p>\n\n\n\n<p>Autre point, dans ma r\u00e9gion cette ann\u00e9e deux grandes compagnies d\u2019une quarantaine de sangliers font beaucoup de d\u00e9g\u00e2ts dans les prairies. Etonnant\u00a0! Une compagnie normale se compose d\u2019une laie meneuse de ses jeunes de l\u2019ann\u00e9e et \u00e9ventuellement ceux de l\u2019ann\u00e9e pr\u00e9c\u00e9dente soit maximum 15 b\u00eates. Mais l\u2019administration nous oblige \u00e0 tirer tous les sangliers y compris les laies meneuses qui m\u00e8nent les compagnies et les tiennent au bois. Encore une fois les chasseurs ne sont pas responsables de ces grosses compagnies \u2026<\/p>\n\n\n\n<p>Enfin les laies meneuses conditionnent les chaleurs des jeunes laies de la compagnie. Sans laies meneuses les chaleurs se produisent toute l\u2019ann\u00e9e. Le sanglier \u00e9tant une esp\u00e8ce adaptative, comme la pression de la chasse se fait toute l\u2019ann\u00e9e les jeunes laies d\u00e9s quarante kilos sont rapidement productives. Encore une fois les chasseurs ne sont pas responsables \u2026<\/p>\n\n\n\n<p>A la lumi\u00e8re de ces \u00e9l\u00e9ments il est un peu trop facile pour les associations anti-chasse de nous mettre toutes les responsabilit\u00e9s sur le dos\u2026<\/p>\n\n\n\n<p><\/p>\n","protected":false},"excerpt":{"rendered":"<p>Les adversaires de la chasse imputent la responsabilit\u00e9 de l\u2019augmentation de la population des sangliers aux chasseurs et aux d\u00e9rives de leur gestion. Et pourtant\u2026 Physiologiquement la laie met bas en janvier-f\u00e9vrier. Connaissant la sensibilit\u00e9 des marcassins au froid, quand les hivers \u00e9taient rudes, les premi\u00e8res nich\u00e9es \u00e9taient souvent d\u00e9cim\u00e9es. D\u2019o\u00f9 une r\u00e9gulation naturelle des [&hellip;]<\/p>\n","protected":false},"author":1,"featured_media":0,"comment_status":"closed","ping_status":"closed","sticky":false,"template":"","format":"standard","meta":{"ngg_post_thumbnail":0,"ocean_post_layout":"left-sidebar","ocean_both_sidebars_style":"","ocean_both_sidebars_content_width":0,"ocean_both_sidebars_sidebars_width":0,"ocean_sidebar":"sidebar-2","ocean_second_sidebar":"","ocean_disable_margins":"enable","ocean_add_body_class":"","ocean_shortcode_before_top_bar":"","ocean_shortcode_after_top_bar":"","ocean_shortcode_before_header":"","ocean_shortcode_after_header":"","ocean_has_shortcode":"","ocean_shortcode_after_title":"","ocean_shortcode_before_footer_widgets":"","ocean_shortcode_after_footer_widgets":"","ocean_shortcode_before_footer_bottom":"","ocean_shortcode_after_footer_bottom":"","ocean_display_top_bar":"default","ocean_display_header":"default","ocean_header_style":"","ocean_center_header_left_menu":"","ocean_custom_header_template":"","ocean_custom_logo":0,"ocean_custom_retina_logo":0,"ocean_custom_logo_max_width":0,"ocean_custom_logo_tablet_max_width":0,"ocean_custom_logo_mobile_max_width":0,"ocean_custom_logo_max_height":0,"ocean_custom_logo_tablet_max_height":0,"ocean_custom_logo_mobile_max_height":0,"ocean_header_custom_menu":"","ocean_menu_typo_font_family":"","ocean_menu_typo_font_subset":"","ocean_menu_typo_font_size":0,"ocean_menu_typo_font_size_tablet":0,"ocean_menu_typo_font_size_mobile":0,"ocean_menu_typo_font_size_unit":"px","ocean_menu_typo_font_weight":"","ocean_menu_typo_font_weight_tablet":"","ocean_menu_typo_font_weight_mobile":"","ocean_menu_typo_transform":"","ocean_menu_typo_transform_tablet":"","ocean_menu_typo_transform_mobile":"","ocean_menu_typo_line_height":0,"ocean_menu_typo_line_height_tablet":0,"ocean_menu_typo_line_height_mobile":0,"ocean_menu_typo_line_height_unit":"","ocean_menu_typo_spacing":0,"ocean_menu_typo_spacing_tablet":0,"ocean_menu_typo_spacing_mobile":0,"ocean_menu_typo_spacing_unit":"","ocean_menu_link_color":"","ocean_menu_link_color_hover":"","ocean_menu_link_color_active":"","ocean_menu_link_background":"","ocean_menu_link_hover_background":"","ocean_menu_link_active_background":"","ocean_menu_social_links_bg":"","ocean_menu_social_hover_links_bg":"","ocean_menu_social_links_color":"","ocean_menu_social_hover_links_color":"","ocean_disable_title":"default","ocean_disable_heading":"default","ocean_post_title":"","ocean_post_subheading":"","ocean_post_title_style":"","ocean_post_title_background_color":"","ocean_post_title_background":0,"ocean_post_title_bg_image_position":"","ocean_post_title_bg_image_attachment":"","ocean_post_title_bg_image_repeat":"","ocean_post_title_bg_image_size":"","ocean_post_title_height":0,"ocean_post_title_bg_overlay":0.5,"ocean_post_title_bg_overlay_color":"","ocean_disable_breadcrumbs":"default","ocean_breadcrumbs_color":"","ocean_breadcrumbs_separator_color":"","ocean_breadcrumbs_links_color":"","ocean_breadcrumbs_links_hover_color":"","ocean_display_footer_widgets":"default","ocean_display_footer_bottom":"default","ocean_custom_footer_template":"","_themeisle_gutenberg_block_has_review":false,"ocean_post_oembed":"","ocean_post_self_hosted_media":"","ocean_post_video_embed":"","ocean_link_format":"","ocean_link_format_target":"self","ocean_quote_format":"","ocean_quote_format_link":"post","ocean_gallery_link_images":"on","ocean_gallery_id":[],"footnotes":""},"categories":[21],"tags":[],"class_list":["post-1414","post","type-post","status-publish","format-standard","hentry","category-communications","entry"],"yoast_head":"<!-- This site is optimized with the Yoast SEO plugin v27.0 - https:\/\/yoast.com\/product\/yoast-seo-wordpress\/ -->\n<title>R\u00e9flexion : Les chasseurs seuls responsables\u00a0?... A voir\u00a0! - UBCR<\/title>\n<meta name=\"robots\" content=\"index, follow, max-snippet:-1, max-image-preview:large, max-video-preview:-1\" \/>\n<link rel=\"canonical\" href=\"https:\/\/ubcr.be\/ubcrubcr\/reflexion-les-chasseurs-seuls-responsables-a-voir\/\" \/>\n<meta property=\"og:locale\" content=\"fr_FR\" \/>\n<meta property=\"og:type\" content=\"article\" \/>\n<meta property=\"og:title\" content=\"R\u00e9flexion : Les chasseurs seuls responsables\u00a0?... A voir\u00a0! - UBCR\" \/>\n<meta property=\"og:description\" content=\"Les adversaires de la chasse imputent la responsabilit\u00e9 de l\u2019augmentation de la population des sangliers aux chasseurs et aux d\u00e9rives de leur gestion. Et pourtant\u2026 Physiologiquement la laie met bas en janvier-f\u00e9vrier. Connaissant la sensibilit\u00e9 des marcassins au froid, quand les hivers \u00e9taient rudes, les premi\u00e8res nich\u00e9es \u00e9taient souvent d\u00e9cim\u00e9es. D\u2019o\u00f9 une r\u00e9gulation naturelle des [&hellip;]\" \/>\n<meta property=\"og:url\" content=\"https:\/\/ubcr.be\/ubcrubcr\/reflexion-les-chasseurs-seuls-responsables-a-voir\/\" \/>\n<meta property=\"og:site_name\" content=\"UBCR\" \/>\n<meta property=\"article:published_time\" content=\"2026-03-06T08:25:28+00:00\" \/>\n<meta property=\"article:modified_time\" content=\"2026-03-06T08:25:29+00:00\" \/>\n<meta name=\"author\" content=\"UBCR\" \/>\n<meta name=\"twitter:card\" content=\"summary_large_image\" \/>\n<meta name=\"twitter:label1\" content=\"\u00c9crit par\" \/>\n\t<meta name=\"twitter:data1\" content=\"UBCR\" \/>\n\t<meta name=\"twitter:label2\" content=\"Dur\u00e9e de lecture estim\u00e9e\" \/>\n\t<meta name=\"twitter:data2\" content=\"2 minutes\" \/>\n<script type=\"application\/ld+json\" class=\"yoast-schema-graph\">{\"@context\":\"https:\/\/schema.org\",\"@graph\":[{\"@type\":\"Article\",\"@id\":\"https:\/\/ubcr.be\/ubcrubcr\/reflexion-les-chasseurs-seuls-responsables-a-voir\/#article\",\"isPartOf\":{\"@id\":\"https:\/\/ubcr.be\/ubcrubcr\/reflexion-les-chasseurs-seuls-responsables-a-voir\/\"},\"author\":{\"name\":\"UBCR\",\"@id\":\"https:\/\/ubcr.be\/ubcrubcr\/#\/schema\/person\/e2564e0d7b8aa01281ecc8f55d524de3\"},\"headline\":\"R\u00e9flexion : Les chasseurs seuls responsables\u00a0?&#8230; A voir\u00a0!\",\"datePublished\":\"2026-03-06T08:25:28+00:00\",\"dateModified\":\"2026-03-06T08:25:29+00:00\",\"mainEntityOfPage\":{\"@id\":\"https:\/\/ubcr.be\/ubcrubcr\/reflexion-les-chasseurs-seuls-responsables-a-voir\/\"},\"wordCount\":397,\"publisher\":{\"@id\":\"https:\/\/ubcr.be\/ubcrubcr\/#organization\"},\"articleSection\":[\"Communications\"],\"inLanguage\":\"fr-FR\"},{\"@type\":\"WebPage\",\"@id\":\"https:\/\/ubcr.be\/ubcrubcr\/reflexion-les-chasseurs-seuls-responsables-a-voir\/\",\"url\":\"https:\/\/ubcr.be\/ubcrubcr\/reflexion-les-chasseurs-seuls-responsables-a-voir\/\",\"name\":\"R\u00e9flexion : Les chasseurs seuls responsables\u00a0?... A voir\u00a0! - UBCR\",\"isPartOf\":{\"@id\":\"https:\/\/ubcr.be\/ubcrubcr\/#website\"},\"datePublished\":\"2026-03-06T08:25:28+00:00\",\"dateModified\":\"2026-03-06T08:25:29+00:00\",\"breadcrumb\":{\"@id\":\"https:\/\/ubcr.be\/ubcrubcr\/reflexion-les-chasseurs-seuls-responsables-a-voir\/#breadcrumb\"},\"inLanguage\":\"fr-FR\",\"potentialAction\":[{\"@type\":\"ReadAction\",\"target\":[\"https:\/\/ubcr.be\/ubcrubcr\/reflexion-les-chasseurs-seuls-responsables-a-voir\/\"]}]},{\"@type\":\"BreadcrumbList\",\"@id\":\"https:\/\/ubcr.be\/ubcrubcr\/reflexion-les-chasseurs-seuls-responsables-a-voir\/#breadcrumb\",\"itemListElement\":[{\"@type\":\"ListItem\",\"position\":1,\"name\":\"Accueil\",\"item\":\"https:\/\/ubcr.be\/ubcrubcr\/\"},{\"@type\":\"ListItem\",\"position\":2,\"name\":\"R\u00e9flexion : Les chasseurs seuls responsables\u00a0?&#8230; A voir\u00a0!\"}]},{\"@type\":\"WebSite\",\"@id\":\"https:\/\/ubcr.be\/ubcrubcr\/#website\",\"url\":\"https:\/\/ubcr.be\/ubcrubcr\/\",\"name\":\"UBCR\",\"description\":\"Union Belge de la Chasse et de la Ruralit\u00e9\",\"publisher\":{\"@id\":\"https:\/\/ubcr.be\/ubcrubcr\/#organization\"},\"potentialAction\":[{\"@type\":\"SearchAction\",\"target\":{\"@type\":\"EntryPoint\",\"urlTemplate\":\"https:\/\/ubcr.be\/ubcrubcr\/?s={search_term_string}\"},\"query-input\":{\"@type\":\"PropertyValueSpecification\",\"valueRequired\":true,\"valueName\":\"search_term_string\"}}],\"inLanguage\":\"fr-FR\"},{\"@type\":\"Organization\",\"@id\":\"https:\/\/ubcr.be\/ubcrubcr\/#organization\",\"name\":\"Union Belge de la Chasse et de la ruralit\u00e9\",\"url\":\"https:\/\/ubcr.be\/ubcrubcr\/\",\"logo\":{\"@type\":\"ImageObject\",\"inLanguage\":\"fr-FR\",\"@id\":\"https:\/\/ubcr.be\/ubcrubcr\/#\/schema\/logo\/image\/\",\"url\":\"https:\/\/ubcr.be\/ubcrubcr\/wp-content\/uploads\/2023\/10\/Logo-2023-UBCR_Web3.png\",\"contentUrl\":\"https:\/\/ubcr.be\/ubcrubcr\/wp-content\/uploads\/2023\/10\/Logo-2023-UBCR_Web3.png\",\"width\":381,\"height\":139,\"caption\":\"Union Belge de la Chasse et de la ruralit\u00e9\"},\"image\":{\"@id\":\"https:\/\/ubcr.be\/ubcrubcr\/#\/schema\/logo\/image\/\"}},{\"@type\":\"Person\",\"@id\":\"https:\/\/ubcr.be\/ubcrubcr\/#\/schema\/person\/e2564e0d7b8aa01281ecc8f55d524de3\",\"name\":\"UBCR\",\"image\":{\"@type\":\"ImageObject\",\"inLanguage\":\"fr-FR\",\"@id\":\"https:\/\/ubcr.be\/ubcrubcr\/#\/schema\/person\/image\/\",\"url\":\"https:\/\/secure.gravatar.com\/avatar\/6fcd7489cc5ccf661c39a961500084b7c4d5d708f1e89189a30c5f6e12ba733e?s=96&d=mm&r=g\",\"contentUrl\":\"https:\/\/secure.gravatar.com\/avatar\/6fcd7489cc5ccf661c39a961500084b7c4d5d708f1e89189a30c5f6e12ba733e?s=96&d=mm&r=g\",\"caption\":\"UBCR\"},\"sameAs\":[\"http:\/\/ubcr.be\/ubcrubcr\"],\"url\":\"https:\/\/ubcr.be\/ubcrubcr\/author\/ubcrbelubcr\/\"}]}<\/script>\n<!-- \/ Yoast SEO plugin. -->","yoast_head_json":{"title":"R\u00e9flexion : Les chasseurs seuls responsables\u00a0?... A voir\u00a0! - UBCR","robots":{"index":"index","follow":"follow","max-snippet":"max-snippet:-1","max-image-preview":"max-image-preview:large","max-video-preview":"max-video-preview:-1"},"canonical":"https:\/\/ubcr.be\/ubcrubcr\/reflexion-les-chasseurs-seuls-responsables-a-voir\/","og_locale":"fr_FR","og_type":"article","og_title":"R\u00e9flexion : Les chasseurs seuls responsables\u00a0?... A voir\u00a0! - UBCR","og_description":"Les adversaires de la chasse imputent la responsabilit\u00e9 de l\u2019augmentation de la population des sangliers aux chasseurs et aux d\u00e9rives de leur gestion. Et pourtant\u2026 Physiologiquement la laie met bas en janvier-f\u00e9vrier. Connaissant la sensibilit\u00e9 des marcassins au froid, quand les hivers \u00e9taient rudes, les premi\u00e8res nich\u00e9es \u00e9taient souvent d\u00e9cim\u00e9es. D\u2019o\u00f9 une r\u00e9gulation naturelle des [&hellip;]","og_url":"https:\/\/ubcr.be\/ubcrubcr\/reflexion-les-chasseurs-seuls-responsables-a-voir\/","og_site_name":"UBCR","article_published_time":"2026-03-06T08:25:28+00:00","article_modified_time":"2026-03-06T08:25:29+00:00","author":"UBCR","twitter_card":"summary_large_image","twitter_misc":{"\u00c9crit par":"UBCR","Dur\u00e9e de lecture estim\u00e9e":"2 minutes"},"schema":{"@context":"https:\/\/schema.org","@graph":[{"@type":"Article","@id":"https:\/\/ubcr.be\/ubcrubcr\/reflexion-les-chasseurs-seuls-responsables-a-voir\/#article","isPartOf":{"@id":"https:\/\/ubcr.be\/ubcrubcr\/reflexion-les-chasseurs-seuls-responsables-a-voir\/"},"author":{"name":"UBCR","@id":"https:\/\/ubcr.be\/ubcrubcr\/#\/schema\/person\/e2564e0d7b8aa01281ecc8f55d524de3"},"headline":"R\u00e9flexion : Les chasseurs seuls responsables\u00a0?&#8230; A voir\u00a0!","datePublished":"2026-03-06T08:25:28+00:00","dateModified":"2026-03-06T08:25:29+00:00","mainEntityOfPage":{"@id":"https:\/\/ubcr.be\/ubcrubcr\/reflexion-les-chasseurs-seuls-responsables-a-voir\/"},"wordCount":397,"publisher":{"@id":"https:\/\/ubcr.be\/ubcrubcr\/#organization"},"articleSection":["Communications"],"inLanguage":"fr-FR"},{"@type":"WebPage","@id":"https:\/\/ubcr.be\/ubcrubcr\/reflexion-les-chasseurs-seuls-responsables-a-voir\/","url":"https:\/\/ubcr.be\/ubcrubcr\/reflexion-les-chasseurs-seuls-responsables-a-voir\/","name":"R\u00e9flexion : Les chasseurs seuls responsables\u00a0?... A voir\u00a0! - UBCR","isPartOf":{"@id":"https:\/\/ubcr.be\/ubcrubcr\/#website"},"datePublished":"2026-03-06T08:25:28+00:00","dateModified":"2026-03-06T08:25:29+00:00","breadcrumb":{"@id":"https:\/\/ubcr.be\/ubcrubcr\/reflexion-les-chasseurs-seuls-responsables-a-voir\/#breadcrumb"},"inLanguage":"fr-FR","potentialAction":[{"@type":"ReadAction","target":["https:\/\/ubcr.be\/ubcrubcr\/reflexion-les-chasseurs-seuls-responsables-a-voir\/"]}]},{"@type":"BreadcrumbList","@id":"https:\/\/ubcr.be\/ubcrubcr\/reflexion-les-chasseurs-seuls-responsables-a-voir\/#breadcrumb","itemListElement":[{"@type":"ListItem","position":1,"name":"Accueil","item":"https:\/\/ubcr.be\/ubcrubcr\/"},{"@type":"ListItem","position":2,"name":"R\u00e9flexion : Les chasseurs seuls responsables\u00a0?&#8230; A voir\u00a0!"}]},{"@type":"WebSite","@id":"https:\/\/ubcr.be\/ubcrubcr\/#website","url":"https:\/\/ubcr.be\/ubcrubcr\/","name":"UBCR","description":"Union Belge de la Chasse et de la Ruralit\u00e9","publisher":{"@id":"https:\/\/ubcr.be\/ubcrubcr\/#organization"},"potentialAction":[{"@type":"SearchAction","target":{"@type":"EntryPoint","urlTemplate":"https:\/\/ubcr.be\/ubcrubcr\/?s={search_term_string}"},"query-input":{"@type":"PropertyValueSpecification","valueRequired":true,"valueName":"search_term_string"}}],"inLanguage":"fr-FR"},{"@type":"Organization","@id":"https:\/\/ubcr.be\/ubcrubcr\/#organization","name":"Union Belge de la Chasse et de la ruralit\u00e9","url":"https:\/\/ubcr.be\/ubcrubcr\/","logo":{"@type":"ImageObject","inLanguage":"fr-FR","@id":"https:\/\/ubcr.be\/ubcrubcr\/#\/schema\/logo\/image\/","url":"https:\/\/ubcr.be\/ubcrubcr\/wp-content\/uploads\/2023\/10\/Logo-2023-UBCR_Web3.png","contentUrl":"https:\/\/ubcr.be\/ubcrubcr\/wp-content\/uploads\/2023\/10\/Logo-2023-UBCR_Web3.png","width":381,"height":139,"caption":"Union Belge de la Chasse et de la ruralit\u00e9"},"image":{"@id":"https:\/\/ubcr.be\/ubcrubcr\/#\/schema\/logo\/image\/"}},{"@type":"Person","@id":"https:\/\/ubcr.be\/ubcrubcr\/#\/schema\/person\/e2564e0d7b8aa01281ecc8f55d524de3","name":"UBCR","image":{"@type":"ImageObject","inLanguage":"fr-FR","@id":"https:\/\/ubcr.be\/ubcrubcr\/#\/schema\/person\/image\/","url":"https:\/\/secure.gravatar.com\/avatar\/6fcd7489cc5ccf661c39a961500084b7c4d5d708f1e89189a30c5f6e12ba733e?s=96&d=mm&r=g","contentUrl":"https:\/\/secure.gravatar.com\/avatar\/6fcd7489cc5ccf661c39a961500084b7c4d5d708f1e89189a30c5f6e12ba733e?s=96&d=mm&r=g","caption":"UBCR"},"sameAs":["http:\/\/ubcr.be\/ubcrubcr"],"url":"https:\/\/ubcr.be\/ubcrubcr\/author\/ubcrbelubcr\/"}]}},"_links":{"self":[{"href":"https:\/\/ubcr.be\/ubcrubcr\/wp-json\/wp\/v2\/posts\/1414","targetHints":{"allow":["GET"]}}],"collection":[{"href":"https:\/\/ubcr.be\/ubcrubcr\/wp-json\/wp\/v2\/posts"}],"about":[{"href":"https:\/\/ubcr.be\/ubcrubcr\/wp-json\/wp\/v2\/types\/post"}],"author":[{"embeddable":true,"href":"https:\/\/ubcr.be\/ubcrubcr\/wp-json\/wp\/v2\/users\/1"}],"replies":[{"embeddable":true,"href":"https:\/\/ubcr.be\/ubcrubcr\/wp-json\/wp\/v2\/comments?post=1414"}],"version-history":[{"count":1,"href":"https:\/\/ubcr.be\/ubcrubcr\/wp-json\/wp\/v2\/posts\/1414\/revisions"}],"predecessor-version":[{"id":1421,"href":"https:\/\/ubcr.be\/ubcrubcr\/wp-json\/wp\/v2\/posts\/1414\/revisions\/1421"}],"wp:attachment":[{"href":"https:\/\/ubcr.be\/ubcrubcr\/wp-json\/wp\/v2\/media?parent=1414"}],"wp:term":[{"taxonomy":"category","embeddable":true,"href":"https:\/\/ubcr.be\/ubcrubcr\/wp-json\/wp\/v2\/categories?post=1414"},{"taxonomy":"post_tag","embeddable":true,"href":"https:\/\/ubcr.be\/ubcrubcr\/wp-json\/wp\/v2\/tags?post=1414"}],"curies":[{"name":"wp","href":"https:\/\/api.w.org\/{rel}","templated":true}]}}