{"id":1334,"date":"2025-08-09T09:07:50","date_gmt":"2025-08-09T07:07:50","guid":{"rendered":"https:\/\/ubcr.be\/ubcrubcr\/?p=1334"},"modified":"2025-08-09T09:07:52","modified_gmt":"2025-08-09T07:07:52","slug":"die-ideen-der-ubcr-kommen-gut-an","status":"publish","type":"post","link":"https:\/\/ubcr.be\/ubcrubcr\/die-ideen-der-ubcr-kommen-gut-an\/","title":{"rendered":"Die Ideen der UBCR kommen gut an!"},"content":{"rendered":"\n<p class=\"has-medium-font-size\">Wir k\u00f6nnen mit Recht zufrieden sein.<\/p>\n\n\n\n<p class=\"has-medium-font-size\">Vor einigen Monaten ver\u00f6ffentlichte ein allseits bekannter Jagdverband ein Manifest betreffend die \u201eJagdethik\u201c und schlug verschiedenen anderen Jagdverb\u00e4nden vor, sich dem anzuschlie\u00dfen. Gleichzeitig leugnete dieser Verband die Existenz unserer Vereinigung, obwohl der Inhalt und die Positionen dieses Manifests dem entsprechen, was von Anbeginn in unseren&nbsp;Satzungen wiedergegeben wird.<br>Schlussendlich scheint sich dieser Verband daran zu erinnern, dass die Ethik bei allem&nbsp; eine Rolle spielen soll und insbesonders wenn es sich um sensible Aktivit\u00e4ten handelt, die&nbsp; die Umwelt betreffen.<\/p>\n\n\n\n<p class=\"has-medium-font-size\">Es darf sich nicht um einen Zeitvertreib, eine Unterhaltung oder einen Sport handeln, der in einem geschlossenen Zirkel unter Gleichgesinnten und mit restriktivem Zugang ausge\u00fcbt wird.<br>In unserer modernen Welt, in der Natur, die, ob man es nun mag oder nicht, immer offener f\u00fcr alle ist, m\u00fcssen J\u00e4ger vorbildlich und transparent sein, genau wie alle anderen Nutzer, seien es Land- und Forstwirte, Waldbeer- oder Pilzliebhaber oder Jogger.<\/p>\n\n\n\n<p class=\"has-medium-font-size\">Das ist genau das, was die UBCR seit ihrer Gr\u00fcndung in goldenen Lettern festlegt und wir k\u00f6nnen stolz darauf sein,&nbsp; dass andere Jagdverb\u00e4nde&nbsp;unsere Ideen aufgreifen.<\/p>\n\n\n\n<p class=\"has-medium-font-size\">Dasselbe gilt f\u00fcr das Landleben.<\/p>\n\n\n\n<p class=\"has-medium-font-size\">Obwohl dieser Begriff ausdr\u00fccklich in unserer Abk\u00fcrzung \u201eUnion Belge pour la Chasse et la Ruralit\u00e9\u201c (Belgische Vereinigung f\u00fcr die Jagd und das Landleben) vorkommt, fehlte er seltsamerweise im \u00fcblichen Vokabular der anderen Jagdverb\u00e4nde und der Politiker.<\/p>\n\n\n\n<p class=\"has-medium-font-size\">Und jetzt? Seit der Er\u00f6ffnungsrede der Ausstellung Libramont, h\u00f6rt man nur noch dieses Wort .<\/p>\n\n\n\n<p class=\"has-medium-font-size\">Am Anfang konnte man schon fast den Eindruck haben, dass dieses Wort schon fast ein No Go gewesen ist!&nbsp;<\/p>\n\n\n\n<p class=\"has-medium-font-size\">Pl\u00f6tzlich steht es \u00fcberall im Vordergrund, und das ist gut so, denn es muss zwangsl\u00e4ufig die Grundlage f\u00fcr jede Aktivit\u00e4t sein, die in unserer sch\u00f6nen und bezaubernden Natur stattfindet.<\/p>\n\n\n\n<p class=\"has-medium-font-size\">Nur Mut, wir setzen uns weiterhin f\u00fcr unsere Ideen ein! Wenn andere sie aufgreifen und sie als ihre Eigenen<br>anpreisen, so soll uns das nur&nbsp;recht sein. Es ist ein Zeichen daf\u00fcr, dass die Mentalit\u00e4ten sich in die richtige Richtung entwickeln.<\/p>\n\n\n\n<p class=\"has-medium-font-size\">Anl\u00e4sslich unserer Generalversammlung, hielt Dr. Annick Linden einen Vortrag&nbsp; zu den&nbsp; Krankheiten des Hochwildes&nbsp;.<\/p>\n\n\n\n<p class=\"has-medium-font-size\">Die ASP gibt es immer noch in mitteleurop\u00e4ischen L\u00e4ndern und ist bis nach Deutschland vorgedrungen.&nbsp;<\/p>\n\n\n\n<p class=\"has-medium-font-size\">Wir sollten weiterhin bei unseren Jagdreisen vorsichtig sein.&nbsp;<\/p>\n\n\n\n<p class=\"has-medium-font-size\">Die Auswirkungen der Blauzungenkrankheit auf das Hochwild sind noch nicht absch\u00e4tzbar.<\/p>\n\n\n\n<p class=\"has-medium-font-size\">Wir haben an mehreren Versammlungen mit den betroffenen Ministern teilgenommen und&nbsp;m\u00f6chten hier als Beispiel&nbsp; 2 Versammlungen mit dem Landwirtschaftsminister erw\u00e4hnen, bei denen neue Managementpl\u00e4ne zur Rettung des Rebhuhns in unserer Region ausgearbeitet wurden.<\/p>\n\n\n\n<p class=\"has-medium-font-size\">Kurz gesagt wird unsere Meinung zu den verschiedenen Themen nicht in den Wind geschlagen, sondern&nbsp;wir werden als privilegierte Partner angesehen.<\/p>\n\n\n\n<p class=\"has-medium-font-size\">Abschlie\u00dfend bleibt noch unsere Pr\u00e4senz bei der Jagdmesse in Charleville M\u00e9zieres am 6. und 7. Juli zu erw\u00e4hnen.<\/p>\n","protected":false},"excerpt":{"rendered":"<p>Wir k\u00f6nnen mit Recht zufrieden sein. Vor einigen Monaten ver\u00f6ffentlichte ein allseits bekannter Jagdverband ein Manifest betreffend die \u201eJagdethik\u201c und schlug verschiedenen anderen Jagdverb\u00e4nden vor, sich dem anzuschlie\u00dfen. Gleichzeitig leugnete dieser Verband die Existenz unserer Vereinigung, obwohl der Inhalt und die Positionen dieses Manifests dem entsprechen, was von Anbeginn in unseren&nbsp;Satzungen wiedergegeben wird.Schlussendlich scheint sich [&hellip;]<\/p>\n","protected":false},"author":1,"featured_media":58,"comment_status":"closed","ping_status":"closed","sticky":false,"template":"","format":"standard","meta":{"ngg_post_thumbnail":0,"ocean_post_layout":"left-sidebar","ocean_both_sidebars_style":"","ocean_both_sidebars_content_width":0,"ocean_both_sidebars_sidebars_width":0,"ocean_sidebar":"","ocean_second_sidebar":"","ocean_disable_margins":"enable","ocean_add_body_class":"","ocean_shortcode_before_top_bar":"","ocean_shortcode_after_top_bar":"","ocean_shortcode_before_header":"","ocean_shortcode_after_header":"","ocean_has_shortcode":"","ocean_shortcode_after_title":"","ocean_shortcode_before_footer_widgets":"","ocean_shortcode_after_footer_widgets":"","ocean_shortcode_before_footer_bottom":"","ocean_shortcode_after_footer_bottom":"","ocean_display_top_bar":"default","ocean_display_header":"default","ocean_header_style":"","ocean_center_header_left_menu":"","ocean_custom_header_template":"","ocean_custom_logo":0,"ocean_custom_retina_logo":0,"ocean_custom_logo_max_width":0,"ocean_custom_logo_tablet_max_width":0,"ocean_custom_logo_mobile_max_width":0,"ocean_custom_logo_max_height":0,"ocean_custom_logo_tablet_max_height":0,"ocean_custom_logo_mobile_max_height":0,"ocean_header_custom_menu":"","ocean_menu_typo_font_family":"","ocean_menu_typo_font_subset":"","ocean_menu_typo_font_size":0,"ocean_menu_typo_font_size_tablet":0,"ocean_menu_typo_font_size_mobile":0,"ocean_menu_typo_font_size_unit":"px","ocean_menu_typo_font_weight":"","ocean_menu_typo_font_weight_tablet":"","ocean_menu_typo_font_weight_mobile":"","ocean_menu_typo_transform":"","ocean_menu_typo_transform_tablet":"","ocean_menu_typo_transform_mobile":"","ocean_menu_typo_line_height":0,"ocean_menu_typo_line_height_tablet":0,"ocean_menu_typo_line_height_mobile":0,"ocean_menu_typo_line_height_unit":"","ocean_menu_typo_spacing":0,"ocean_menu_typo_spacing_tablet":0,"ocean_menu_typo_spacing_mobile":0,"ocean_menu_typo_spacing_unit":"","ocean_menu_link_color":"","ocean_menu_link_color_hover":"","ocean_menu_link_color_active":"","ocean_menu_link_background":"","ocean_menu_link_hover_background":"","ocean_menu_link_active_background":"","ocean_menu_social_links_bg":"","ocean_menu_social_hover_links_bg":"","ocean_menu_social_links_color":"","ocean_menu_social_hover_links_color":"","ocean_disable_title":"default","ocean_disable_heading":"default","ocean_post_title":"","ocean_post_subheading":"","ocean_post_title_style":"","ocean_post_title_background_color":"","ocean_post_title_background":0,"ocean_post_title_bg_image_position":"","ocean_post_title_bg_image_attachment":"","ocean_post_title_bg_image_repeat":"","ocean_post_title_bg_image_size":"","ocean_post_title_height":0,"ocean_post_title_bg_overlay":0.5,"ocean_post_title_bg_overlay_color":"","ocean_disable_breadcrumbs":"default","ocean_breadcrumbs_color":"","ocean_breadcrumbs_separator_color":"","ocean_breadcrumbs_links_color":"","ocean_breadcrumbs_links_hover_color":"","ocean_display_footer_widgets":"default","ocean_display_footer_bottom":"default","ocean_custom_footer_template":"","_themeisle_gutenberg_block_has_review":false,"ocean_post_oembed":"","ocean_post_self_hosted_media":"","ocean_post_video_embed":"","ocean_link_format":"","ocean_link_format_target":"self","ocean_quote_format":"","ocean_quote_format_link":"post","ocean_gallery_link_images":"on","ocean_gallery_id":[],"footnotes":""},"categories":[7],"tags":[],"class_list":["post-1334","post","type-post","status-publish","format-standard","has-post-thumbnail","hentry","category-newsletters","entry","has-media"],"yoast_head":"<!-- This site is optimized with the Yoast SEO plugin v27.0 - https:\/\/yoast.com\/product\/yoast-seo-wordpress\/ -->\n<title>Die Ideen der UBCR kommen gut an! - UBCR<\/title>\n<meta name=\"robots\" content=\"index, follow, max-snippet:-1, max-image-preview:large, max-video-preview:-1\" \/>\n<link rel=\"canonical\" href=\"https:\/\/ubcr.be\/ubcrubcr\/die-ideen-der-ubcr-kommen-gut-an\/\" \/>\n<meta property=\"og:locale\" content=\"fr_FR\" \/>\n<meta property=\"og:type\" content=\"article\" \/>\n<meta property=\"og:title\" content=\"Die Ideen der UBCR kommen gut an! - UBCR\" \/>\n<meta property=\"og:description\" content=\"Wir k\u00f6nnen mit Recht zufrieden sein. Vor einigen Monaten ver\u00f6ffentlichte ein allseits bekannter Jagdverband ein Manifest betreffend die \u201eJagdethik\u201c und schlug verschiedenen anderen Jagdverb\u00e4nden vor, sich dem anzuschlie\u00dfen. Gleichzeitig leugnete dieser Verband die Existenz unserer Vereinigung, obwohl der Inhalt und die Positionen dieses Manifests dem entsprechen, was von Anbeginn in unseren&nbsp;Satzungen wiedergegeben wird.Schlussendlich scheint sich [&hellip;]\" \/>\n<meta property=\"og:url\" content=\"https:\/\/ubcr.be\/ubcrubcr\/die-ideen-der-ubcr-kommen-gut-an\/\" \/>\n<meta property=\"og:site_name\" content=\"UBCR\" \/>\n<meta property=\"article:published_time\" content=\"2025-08-09T07:07:50+00:00\" \/>\n<meta property=\"article:modified_time\" content=\"2025-08-09T07:07:52+00:00\" \/>\n<meta property=\"og:image\" content=\"https:\/\/ubcr.be\/ubcrubcr\/wp-content\/uploads\/2023\/09\/cropped-Favicon.png\" \/>\n\t<meta property=\"og:image:width\" content=\"512\" \/>\n\t<meta property=\"og:image:height\" content=\"512\" \/>\n\t<meta property=\"og:image:type\" content=\"image\/png\" \/>\n<meta name=\"author\" content=\"UBCR\" \/>\n<meta name=\"twitter:card\" content=\"summary_large_image\" \/>\n<meta name=\"twitter:label1\" content=\"\u00c9crit par\" \/>\n\t<meta name=\"twitter:data1\" content=\"UBCR\" \/>\n\t<meta name=\"twitter:label2\" content=\"Dur\u00e9e de lecture estim\u00e9e\" \/>\n\t<meta name=\"twitter:data2\" content=\"3 minutes\" \/>\n<script type=\"application\/ld+json\" class=\"yoast-schema-graph\">{\"@context\":\"https:\/\/schema.org\",\"@graph\":[{\"@type\":\"Article\",\"@id\":\"https:\/\/ubcr.be\/ubcrubcr\/die-ideen-der-ubcr-kommen-gut-an\/#article\",\"isPartOf\":{\"@id\":\"https:\/\/ubcr.be\/ubcrubcr\/die-ideen-der-ubcr-kommen-gut-an\/\"},\"author\":{\"name\":\"UBCR\",\"@id\":\"https:\/\/ubcr.be\/ubcrubcr\/#\/schema\/person\/e2564e0d7b8aa01281ecc8f55d524de3\"},\"headline\":\"Die Ideen der UBCR kommen gut an!\",\"datePublished\":\"2025-08-09T07:07:50+00:00\",\"dateModified\":\"2025-08-09T07:07:52+00:00\",\"mainEntityOfPage\":{\"@id\":\"https:\/\/ubcr.be\/ubcrubcr\/die-ideen-der-ubcr-kommen-gut-an\/\"},\"wordCount\":498,\"publisher\":{\"@id\":\"https:\/\/ubcr.be\/ubcrubcr\/#organization\"},\"image\":{\"@id\":\"https:\/\/ubcr.be\/ubcrubcr\/die-ideen-der-ubcr-kommen-gut-an\/#primaryimage\"},\"thumbnailUrl\":\"https:\/\/ubcr.be\/ubcrubcr\/wp-content\/uploads\/2023\/09\/cropped-Favicon.png\",\"articleSection\":[\"Newsletters\"],\"inLanguage\":\"fr-FR\"},{\"@type\":\"WebPage\",\"@id\":\"https:\/\/ubcr.be\/ubcrubcr\/die-ideen-der-ubcr-kommen-gut-an\/\",\"url\":\"https:\/\/ubcr.be\/ubcrubcr\/die-ideen-der-ubcr-kommen-gut-an\/\",\"name\":\"Die Ideen der UBCR kommen gut an! - UBCR\",\"isPartOf\":{\"@id\":\"https:\/\/ubcr.be\/ubcrubcr\/#website\"},\"primaryImageOfPage\":{\"@id\":\"https:\/\/ubcr.be\/ubcrubcr\/die-ideen-der-ubcr-kommen-gut-an\/#primaryimage\"},\"image\":{\"@id\":\"https:\/\/ubcr.be\/ubcrubcr\/die-ideen-der-ubcr-kommen-gut-an\/#primaryimage\"},\"thumbnailUrl\":\"https:\/\/ubcr.be\/ubcrubcr\/wp-content\/uploads\/2023\/09\/cropped-Favicon.png\",\"datePublished\":\"2025-08-09T07:07:50+00:00\",\"dateModified\":\"2025-08-09T07:07:52+00:00\",\"breadcrumb\":{\"@id\":\"https:\/\/ubcr.be\/ubcrubcr\/die-ideen-der-ubcr-kommen-gut-an\/#breadcrumb\"},\"inLanguage\":\"fr-FR\",\"potentialAction\":[{\"@type\":\"ReadAction\",\"target\":[\"https:\/\/ubcr.be\/ubcrubcr\/die-ideen-der-ubcr-kommen-gut-an\/\"]}]},{\"@type\":\"ImageObject\",\"inLanguage\":\"fr-FR\",\"@id\":\"https:\/\/ubcr.be\/ubcrubcr\/die-ideen-der-ubcr-kommen-gut-an\/#primaryimage\",\"url\":\"https:\/\/ubcr.be\/ubcrubcr\/wp-content\/uploads\/2023\/09\/cropped-Favicon.png\",\"contentUrl\":\"https:\/\/ubcr.be\/ubcrubcr\/wp-content\/uploads\/2023\/09\/cropped-Favicon.png\",\"width\":512,\"height\":512},{\"@type\":\"BreadcrumbList\",\"@id\":\"https:\/\/ubcr.be\/ubcrubcr\/die-ideen-der-ubcr-kommen-gut-an\/#breadcrumb\",\"itemListElement\":[{\"@type\":\"ListItem\",\"position\":1,\"name\":\"Accueil\",\"item\":\"https:\/\/ubcr.be\/ubcrubcr\/\"},{\"@type\":\"ListItem\",\"position\":2,\"name\":\"Die Ideen der UBCR kommen gut an!\"}]},{\"@type\":\"WebSite\",\"@id\":\"https:\/\/ubcr.be\/ubcrubcr\/#website\",\"url\":\"https:\/\/ubcr.be\/ubcrubcr\/\",\"name\":\"UBCR\",\"description\":\"Union Belge de la Chasse et de la Ruralit\u00e9\",\"publisher\":{\"@id\":\"https:\/\/ubcr.be\/ubcrubcr\/#organization\"},\"potentialAction\":[{\"@type\":\"SearchAction\",\"target\":{\"@type\":\"EntryPoint\",\"urlTemplate\":\"https:\/\/ubcr.be\/ubcrubcr\/?s={search_term_string}\"},\"query-input\":{\"@type\":\"PropertyValueSpecification\",\"valueRequired\":true,\"valueName\":\"search_term_string\"}}],\"inLanguage\":\"fr-FR\"},{\"@type\":\"Organization\",\"@id\":\"https:\/\/ubcr.be\/ubcrubcr\/#organization\",\"name\":\"Union Belge de la Chasse et de la ruralit\u00e9\",\"url\":\"https:\/\/ubcr.be\/ubcrubcr\/\",\"logo\":{\"@type\":\"ImageObject\",\"inLanguage\":\"fr-FR\",\"@id\":\"https:\/\/ubcr.be\/ubcrubcr\/#\/schema\/logo\/image\/\",\"url\":\"https:\/\/ubcr.be\/ubcrubcr\/wp-content\/uploads\/2023\/10\/Logo-2023-UBCR_Web3.png\",\"contentUrl\":\"https:\/\/ubcr.be\/ubcrubcr\/wp-content\/uploads\/2023\/10\/Logo-2023-UBCR_Web3.png\",\"width\":381,\"height\":139,\"caption\":\"Union Belge de la Chasse et de la ruralit\u00e9\"},\"image\":{\"@id\":\"https:\/\/ubcr.be\/ubcrubcr\/#\/schema\/logo\/image\/\"}},{\"@type\":\"Person\",\"@id\":\"https:\/\/ubcr.be\/ubcrubcr\/#\/schema\/person\/e2564e0d7b8aa01281ecc8f55d524de3\",\"name\":\"UBCR\",\"image\":{\"@type\":\"ImageObject\",\"inLanguage\":\"fr-FR\",\"@id\":\"https:\/\/ubcr.be\/ubcrubcr\/#\/schema\/person\/image\/\",\"url\":\"https:\/\/secure.gravatar.com\/avatar\/6fcd7489cc5ccf661c39a961500084b7c4d5d708f1e89189a30c5f6e12ba733e?s=96&d=mm&r=g\",\"contentUrl\":\"https:\/\/secure.gravatar.com\/avatar\/6fcd7489cc5ccf661c39a961500084b7c4d5d708f1e89189a30c5f6e12ba733e?s=96&d=mm&r=g\",\"caption\":\"UBCR\"},\"sameAs\":[\"http:\/\/ubcr.be\/ubcrubcr\"],\"url\":\"https:\/\/ubcr.be\/ubcrubcr\/author\/ubcrbelubcr\/\"}]}<\/script>\n<!-- \/ Yoast SEO plugin. -->","yoast_head_json":{"title":"Die Ideen der UBCR kommen gut an! - UBCR","robots":{"index":"index","follow":"follow","max-snippet":"max-snippet:-1","max-image-preview":"max-image-preview:large","max-video-preview":"max-video-preview:-1"},"canonical":"https:\/\/ubcr.be\/ubcrubcr\/die-ideen-der-ubcr-kommen-gut-an\/","og_locale":"fr_FR","og_type":"article","og_title":"Die Ideen der UBCR kommen gut an! - UBCR","og_description":"Wir k\u00f6nnen mit Recht zufrieden sein. Vor einigen Monaten ver\u00f6ffentlichte ein allseits bekannter Jagdverband ein Manifest betreffend die \u201eJagdethik\u201c und schlug verschiedenen anderen Jagdverb\u00e4nden vor, sich dem anzuschlie\u00dfen. Gleichzeitig leugnete dieser Verband die Existenz unserer Vereinigung, obwohl der Inhalt und die Positionen dieses Manifests dem entsprechen, was von Anbeginn in unseren&nbsp;Satzungen wiedergegeben wird.Schlussendlich scheint sich [&hellip;]","og_url":"https:\/\/ubcr.be\/ubcrubcr\/die-ideen-der-ubcr-kommen-gut-an\/","og_site_name":"UBCR","article_published_time":"2025-08-09T07:07:50+00:00","article_modified_time":"2025-08-09T07:07:52+00:00","og_image":[{"width":512,"height":512,"url":"https:\/\/ubcr.be\/ubcrubcr\/wp-content\/uploads\/2023\/09\/cropped-Favicon.png","type":"image\/png"}],"author":"UBCR","twitter_card":"summary_large_image","twitter_misc":{"\u00c9crit par":"UBCR","Dur\u00e9e de lecture estim\u00e9e":"3 minutes"},"schema":{"@context":"https:\/\/schema.org","@graph":[{"@type":"Article","@id":"https:\/\/ubcr.be\/ubcrubcr\/die-ideen-der-ubcr-kommen-gut-an\/#article","isPartOf":{"@id":"https:\/\/ubcr.be\/ubcrubcr\/die-ideen-der-ubcr-kommen-gut-an\/"},"author":{"name":"UBCR","@id":"https:\/\/ubcr.be\/ubcrubcr\/#\/schema\/person\/e2564e0d7b8aa01281ecc8f55d524de3"},"headline":"Die Ideen der UBCR kommen gut an!","datePublished":"2025-08-09T07:07:50+00:00","dateModified":"2025-08-09T07:07:52+00:00","mainEntityOfPage":{"@id":"https:\/\/ubcr.be\/ubcrubcr\/die-ideen-der-ubcr-kommen-gut-an\/"},"wordCount":498,"publisher":{"@id":"https:\/\/ubcr.be\/ubcrubcr\/#organization"},"image":{"@id":"https:\/\/ubcr.be\/ubcrubcr\/die-ideen-der-ubcr-kommen-gut-an\/#primaryimage"},"thumbnailUrl":"https:\/\/ubcr.be\/ubcrubcr\/wp-content\/uploads\/2023\/09\/cropped-Favicon.png","articleSection":["Newsletters"],"inLanguage":"fr-FR"},{"@type":"WebPage","@id":"https:\/\/ubcr.be\/ubcrubcr\/die-ideen-der-ubcr-kommen-gut-an\/","url":"https:\/\/ubcr.be\/ubcrubcr\/die-ideen-der-ubcr-kommen-gut-an\/","name":"Die Ideen der UBCR kommen gut an! - UBCR","isPartOf":{"@id":"https:\/\/ubcr.be\/ubcrubcr\/#website"},"primaryImageOfPage":{"@id":"https:\/\/ubcr.be\/ubcrubcr\/die-ideen-der-ubcr-kommen-gut-an\/#primaryimage"},"image":{"@id":"https:\/\/ubcr.be\/ubcrubcr\/die-ideen-der-ubcr-kommen-gut-an\/#primaryimage"},"thumbnailUrl":"https:\/\/ubcr.be\/ubcrubcr\/wp-content\/uploads\/2023\/09\/cropped-Favicon.png","datePublished":"2025-08-09T07:07:50+00:00","dateModified":"2025-08-09T07:07:52+00:00","breadcrumb":{"@id":"https:\/\/ubcr.be\/ubcrubcr\/die-ideen-der-ubcr-kommen-gut-an\/#breadcrumb"},"inLanguage":"fr-FR","potentialAction":[{"@type":"ReadAction","target":["https:\/\/ubcr.be\/ubcrubcr\/die-ideen-der-ubcr-kommen-gut-an\/"]}]},{"@type":"ImageObject","inLanguage":"fr-FR","@id":"https:\/\/ubcr.be\/ubcrubcr\/die-ideen-der-ubcr-kommen-gut-an\/#primaryimage","url":"https:\/\/ubcr.be\/ubcrubcr\/wp-content\/uploads\/2023\/09\/cropped-Favicon.png","contentUrl":"https:\/\/ubcr.be\/ubcrubcr\/wp-content\/uploads\/2023\/09\/cropped-Favicon.png","width":512,"height":512},{"@type":"BreadcrumbList","@id":"https:\/\/ubcr.be\/ubcrubcr\/die-ideen-der-ubcr-kommen-gut-an\/#breadcrumb","itemListElement":[{"@type":"ListItem","position":1,"name":"Accueil","item":"https:\/\/ubcr.be\/ubcrubcr\/"},{"@type":"ListItem","position":2,"name":"Die Ideen der UBCR kommen gut an!"}]},{"@type":"WebSite","@id":"https:\/\/ubcr.be\/ubcrubcr\/#website","url":"https:\/\/ubcr.be\/ubcrubcr\/","name":"UBCR","description":"Union Belge de la Chasse et de la Ruralit\u00e9","publisher":{"@id":"https:\/\/ubcr.be\/ubcrubcr\/#organization"},"potentialAction":[{"@type":"SearchAction","target":{"@type":"EntryPoint","urlTemplate":"https:\/\/ubcr.be\/ubcrubcr\/?s={search_term_string}"},"query-input":{"@type":"PropertyValueSpecification","valueRequired":true,"valueName":"search_term_string"}}],"inLanguage":"fr-FR"},{"@type":"Organization","@id":"https:\/\/ubcr.be\/ubcrubcr\/#organization","name":"Union Belge de la Chasse et de la ruralit\u00e9","url":"https:\/\/ubcr.be\/ubcrubcr\/","logo":{"@type":"ImageObject","inLanguage":"fr-FR","@id":"https:\/\/ubcr.be\/ubcrubcr\/#\/schema\/logo\/image\/","url":"https:\/\/ubcr.be\/ubcrubcr\/wp-content\/uploads\/2023\/10\/Logo-2023-UBCR_Web3.png","contentUrl":"https:\/\/ubcr.be\/ubcrubcr\/wp-content\/uploads\/2023\/10\/Logo-2023-UBCR_Web3.png","width":381,"height":139,"caption":"Union Belge de la Chasse et de la ruralit\u00e9"},"image":{"@id":"https:\/\/ubcr.be\/ubcrubcr\/#\/schema\/logo\/image\/"}},{"@type":"Person","@id":"https:\/\/ubcr.be\/ubcrubcr\/#\/schema\/person\/e2564e0d7b8aa01281ecc8f55d524de3","name":"UBCR","image":{"@type":"ImageObject","inLanguage":"fr-FR","@id":"https:\/\/ubcr.be\/ubcrubcr\/#\/schema\/person\/image\/","url":"https:\/\/secure.gravatar.com\/avatar\/6fcd7489cc5ccf661c39a961500084b7c4d5d708f1e89189a30c5f6e12ba733e?s=96&d=mm&r=g","contentUrl":"https:\/\/secure.gravatar.com\/avatar\/6fcd7489cc5ccf661c39a961500084b7c4d5d708f1e89189a30c5f6e12ba733e?s=96&d=mm&r=g","caption":"UBCR"},"sameAs":["http:\/\/ubcr.be\/ubcrubcr"],"url":"https:\/\/ubcr.be\/ubcrubcr\/author\/ubcrbelubcr\/"}]}},"_links":{"self":[{"href":"https:\/\/ubcr.be\/ubcrubcr\/wp-json\/wp\/v2\/posts\/1334","targetHints":{"allow":["GET"]}}],"collection":[{"href":"https:\/\/ubcr.be\/ubcrubcr\/wp-json\/wp\/v2\/posts"}],"about":[{"href":"https:\/\/ubcr.be\/ubcrubcr\/wp-json\/wp\/v2\/types\/post"}],"author":[{"embeddable":true,"href":"https:\/\/ubcr.be\/ubcrubcr\/wp-json\/wp\/v2\/users\/1"}],"replies":[{"embeddable":true,"href":"https:\/\/ubcr.be\/ubcrubcr\/wp-json\/wp\/v2\/comments?post=1334"}],"version-history":[{"count":1,"href":"https:\/\/ubcr.be\/ubcrubcr\/wp-json\/wp\/v2\/posts\/1334\/revisions"}],"predecessor-version":[{"id":1335,"href":"https:\/\/ubcr.be\/ubcrubcr\/wp-json\/wp\/v2\/posts\/1334\/revisions\/1335"}],"wp:featuredmedia":[{"embeddable":true,"href":"https:\/\/ubcr.be\/ubcrubcr\/wp-json\/wp\/v2\/media\/58"}],"wp:attachment":[{"href":"https:\/\/ubcr.be\/ubcrubcr\/wp-json\/wp\/v2\/media?parent=1334"}],"wp:term":[{"taxonomy":"category","embeddable":true,"href":"https:\/\/ubcr.be\/ubcrubcr\/wp-json\/wp\/v2\/categories?post=1334"},{"taxonomy":"post_tag","embeddable":true,"href":"https:\/\/ubcr.be\/ubcrubcr\/wp-json\/wp\/v2\/tags?post=1334"}],"curies":[{"name":"wp","href":"https:\/\/api.w.org\/{rel}","templated":true}]}}