{"id":1331,"date":"2025-08-09T09:05:03","date_gmt":"2025-08-09T07:05:03","guid":{"rendered":"https:\/\/ubcr.be\/ubcrubcr\/?p=1331"},"modified":"2025-08-09T09:06:01","modified_gmt":"2025-08-09T07:06:01","slug":"les-idees-de-lubcr-percolent-diantrement","status":"publish","type":"post","link":"https:\/\/ubcr.be\/ubcrubcr\/les-idees-de-lubcr-percolent-diantrement\/","title":{"rendered":"Les id\u00e9es de l\u2019UBCR percolent diantrement\u00a0!"},"content":{"rendered":"\n<p class=\"has-medium-font-size\">Nous pouvons l\u00e9gitimement \u00eatre satisfaits.<\/p>\n\n\n\n<p class=\"has-medium-font-size\">En effet, il y a d\u00e9j\u00e0 quelques mois, une association de chasseurs bien connue publiait un manifeste pour \u00abl&rsquo;\u00e9thique\u00bb de la chasse, proposant \u00e0 diverses autres associations actives dans le domaine de se joindre \u00e0 elle, mais niant l\u2019existence de notre association dont ce manifeste reprend, pourtant, en grande partie les statuts et les positions que nous d\u00e9fendons.<\/p>\n\n\n\n<p class=\"has-medium-font-size\">Enfin, oserions-nous \u00e9crire, cette association semblait se souvenir que l&rsquo;\u00e9thique doit pr\u00e9sider \u00e0 toute action commune, en particulier quand il s&rsquo;agit d&rsquo;une activit\u00e9 sensible et qui affecte le milieu naturel.<\/p>\n\n\n\n<p class=\"has-medium-font-size\">Il ne peut s&rsquo;agir d&rsquo;un passe-temps, d&rsquo;un divertissement ou d&rsquo;un sport qui se pratiquerait en vase clos entre affid\u00e9s, dans un cercle ferm\u00e9 aux acc\u00e8s r\u00e9serv\u00e9s.<\/p>\n\n\n\n<p class=\"has-medium-font-size\">Dans notre monde moderne, o\u00f9 la nature, qu&rsquo;on l&rsquo;appr\u00e9cie ou non, est de plus en plus ouverte \u00e0 tous, les chasseurs se doivent d&rsquo;\u00eatre exemplaires et transparents, comme d&rsquo;ailleurs tous les autres acteurs, que ce soient les agriculteurs et sylviculteurs, les amateurs de myrtilles, de champignons ou de course \u00e0 pied.<\/p>\n\n\n\n<p class=\"has-medium-font-size\">C&rsquo;est bien ce que, d\u00e8s sa fondation, l&rsquo;UBCR inscrit en lettres d&rsquo;or dans ses objectifs, et c&rsquo;est donc, l\u00e9gitimement, que nous pouvons \u00eatre fiers de cette \u00e9volution au sein des autres associations de chasseurs.<\/p>\n\n\n\n<p class=\"has-medium-font-size\">De m\u00eame en qui concerne \u00ab&nbsp;la ruralit\u00e9&nbsp;\u00bb.<\/p>\n\n\n\n<p class=\"has-medium-font-size\">Alors qu\u2019il figure explicitement dans notre sigle, <strong>U<\/strong>nion <strong>B<\/strong>elge pour la <strong>C<\/strong>hasse et la <strong>Ruralit\u00e9<\/strong>, ce terme \u00e9tait curieusement absent du vocabulaire habituel de nos coll\u00e8gues et m\u00eame des politiques.<\/p>\n\n\n\n<p class=\"has-medium-font-size\">Et maintenant, jusqu\u2019au discours d\u2019ouverture de la foire de Libramont, on n \u2018entend plus que ce mot-l\u00e0&nbsp;!<\/p>\n\n\n\n<p class=\"has-medium-font-size\">A croire qu\u2019il \u00e9tait presque inconvenant&nbsp;! Soudainement, le revoil\u00e0 sur le devant de la sc\u00e8ne et c\u2019est bien heureux, il doit \u00eatre \u00e0 la base forc\u00e9ment, de toute activit\u00e9 qui se d\u00e9roule dans notre belle et enchanteresse nature.<\/p>\n\n\n\n<p class=\"has-medium-font-size\">Courage, continuons \u00e0 d\u00e9fendre nos id\u00e9es&nbsp;! Si d\u2019autres les r\u00e9cup\u00e8rent et les brandissent comme les leurs, tant mieux, c\u2019est que les mentalit\u00e9s \u00e9voluent dans la bonne direction&nbsp;!<\/p>\n\n\n\n<p class=\"has-medium-font-size\">Dans nos activit\u00e9s r\u00e9centes, signalons notre assembl\u00e9e g\u00e9n\u00e9rale au cours de laquelle le Docteur Annick Linden nous a entretenu des maladies du grand gibier&nbsp;: la PPA qui r\u00e8gne toujours dans les pays d\u2019Europe centrale jusqu\u2019en Allemagne. Soyons prudent dans nos voyages de chasse. Citons encore la maladie de la langue bleue dont l\u2019impact sur le grand gibier est encore discutable\u2026<\/p>\n\n\n\n<p class=\"has-medium-font-size\">Plusieurs r\u00e9unions minist\u00e9rielles sur le petit gibier notamment 2 r\u00e9unions au minist\u00e8re de l\u2019agriculture dans le but de simplifier les exigences des plans de gestion de la perdrix, esp\u00e9rant sauver l\u2019esp\u00e8ce dans nos r\u00e9gions.<\/p>\n\n\n\n<p class=\"has-medium-font-size\">Bref, nous sommes des intervenants que l\u2019on \u00e9coute sur diff\u00e9rents sujets.<\/p>\n\n\n\n<p class=\"has-medium-font-size\">Terminons en signalant notre pr\u00e9sence au salon de la chasse de Charleville M\u00e9zi\u00e8re le 5 et 6 juillet 2025<\/p>\n","protected":false},"excerpt":{"rendered":"<p>Nous pouvons l\u00e9gitimement \u00eatre satisfaits. En effet, il y a d\u00e9j\u00e0 quelques mois, une association de chasseurs bien connue publiait un manifeste pour \u00abl&rsquo;\u00e9thique\u00bb de la chasse, proposant \u00e0 diverses autres associations actives dans le domaine de se joindre \u00e0 elle, mais niant l\u2019existence de notre association dont ce manifeste reprend, pourtant, en grande partie [&hellip;]<\/p>\n","protected":false},"author":1,"featured_media":58,"comment_status":"closed","ping_status":"closed","sticky":false,"template":"","format":"standard","meta":{"ngg_post_thumbnail":0,"ocean_post_layout":"left-sidebar","ocean_both_sidebars_style":"","ocean_both_sidebars_content_width":0,"ocean_both_sidebars_sidebars_width":0,"ocean_sidebar":"","ocean_second_sidebar":"","ocean_disable_margins":"enable","ocean_add_body_class":"","ocean_shortcode_before_top_bar":"","ocean_shortcode_after_top_bar":"","ocean_shortcode_before_header":"","ocean_shortcode_after_header":"","ocean_has_shortcode":"","ocean_shortcode_after_title":"","ocean_shortcode_before_footer_widgets":"","ocean_shortcode_after_footer_widgets":"","ocean_shortcode_before_footer_bottom":"","ocean_shortcode_after_footer_bottom":"","ocean_display_top_bar":"default","ocean_display_header":"default","ocean_header_style":"","ocean_center_header_left_menu":"","ocean_custom_header_template":"","ocean_custom_logo":0,"ocean_custom_retina_logo":0,"ocean_custom_logo_max_width":0,"ocean_custom_logo_tablet_max_width":0,"ocean_custom_logo_mobile_max_width":0,"ocean_custom_logo_max_height":0,"ocean_custom_logo_tablet_max_height":0,"ocean_custom_logo_mobile_max_height":0,"ocean_header_custom_menu":"","ocean_menu_typo_font_family":"","ocean_menu_typo_font_subset":"","ocean_menu_typo_font_size":0,"ocean_menu_typo_font_size_tablet":0,"ocean_menu_typo_font_size_mobile":0,"ocean_menu_typo_font_size_unit":"px","ocean_menu_typo_font_weight":"","ocean_menu_typo_font_weight_tablet":"","ocean_menu_typo_font_weight_mobile":"","ocean_menu_typo_transform":"","ocean_menu_typo_transform_tablet":"","ocean_menu_typo_transform_mobile":"","ocean_menu_typo_line_height":0,"ocean_menu_typo_line_height_tablet":0,"ocean_menu_typo_line_height_mobile":0,"ocean_menu_typo_line_height_unit":"","ocean_menu_typo_spacing":0,"ocean_menu_typo_spacing_tablet":0,"ocean_menu_typo_spacing_mobile":0,"ocean_menu_typo_spacing_unit":"","ocean_menu_link_color":"","ocean_menu_link_color_hover":"","ocean_menu_link_color_active":"","ocean_menu_link_background":"","ocean_menu_link_hover_background":"","ocean_menu_link_active_background":"","ocean_menu_social_links_bg":"","ocean_menu_social_hover_links_bg":"","ocean_menu_social_links_color":"","ocean_menu_social_hover_links_color":"","ocean_disable_title":"default","ocean_disable_heading":"default","ocean_post_title":"","ocean_post_subheading":"","ocean_post_title_style":"","ocean_post_title_background_color":"","ocean_post_title_background":0,"ocean_post_title_bg_image_position":"","ocean_post_title_bg_image_attachment":"","ocean_post_title_bg_image_repeat":"","ocean_post_title_bg_image_size":"","ocean_post_title_height":0,"ocean_post_title_bg_overlay":0.5,"ocean_post_title_bg_overlay_color":"","ocean_disable_breadcrumbs":"default","ocean_breadcrumbs_color":"","ocean_breadcrumbs_separator_color":"","ocean_breadcrumbs_links_color":"","ocean_breadcrumbs_links_hover_color":"","ocean_display_footer_widgets":"default","ocean_display_footer_bottom":"default","ocean_custom_footer_template":"","_themeisle_gutenberg_block_has_review":false,"ocean_post_oembed":"","ocean_post_self_hosted_media":"","ocean_post_video_embed":"","ocean_link_format":"","ocean_link_format_target":"self","ocean_quote_format":"","ocean_quote_format_link":"post","ocean_gallery_link_images":"on","ocean_gallery_id":[],"footnotes":""},"categories":[7],"tags":[],"class_list":["post-1331","post","type-post","status-publish","format-standard","has-post-thumbnail","hentry","category-newsletters","entry","has-media"],"yoast_head":"<!-- This site is optimized with the Yoast SEO plugin v27.0 - https:\/\/yoast.com\/product\/yoast-seo-wordpress\/ -->\n<title>Les id\u00e9es de l\u2019UBCR percolent diantrement\u00a0! - UBCR<\/title>\n<meta name=\"robots\" content=\"index, follow, max-snippet:-1, max-image-preview:large, max-video-preview:-1\" \/>\n<link rel=\"canonical\" href=\"https:\/\/ubcr.be\/ubcrubcr\/les-idees-de-lubcr-percolent-diantrement\/\" \/>\n<meta property=\"og:locale\" content=\"fr_FR\" \/>\n<meta property=\"og:type\" content=\"article\" \/>\n<meta property=\"og:title\" content=\"Les id\u00e9es de l\u2019UBCR percolent diantrement\u00a0! - UBCR\" \/>\n<meta property=\"og:description\" content=\"Nous pouvons l\u00e9gitimement \u00eatre satisfaits. En effet, il y a d\u00e9j\u00e0 quelques mois, une association de chasseurs bien connue publiait un manifeste pour \u00abl&rsquo;\u00e9thique\u00bb de la chasse, proposant \u00e0 diverses autres associations actives dans le domaine de se joindre \u00e0 elle, mais niant l\u2019existence de notre association dont ce manifeste reprend, pourtant, en grande partie [&hellip;]\" \/>\n<meta property=\"og:url\" content=\"https:\/\/ubcr.be\/ubcrubcr\/les-idees-de-lubcr-percolent-diantrement\/\" \/>\n<meta property=\"og:site_name\" content=\"UBCR\" \/>\n<meta property=\"article:published_time\" content=\"2025-08-09T07:05:03+00:00\" \/>\n<meta property=\"article:modified_time\" content=\"2025-08-09T07:06:01+00:00\" \/>\n<meta property=\"og:image\" content=\"https:\/\/ubcr.be\/ubcrubcr\/wp-content\/uploads\/2023\/09\/cropped-Favicon.png\" \/>\n\t<meta property=\"og:image:width\" content=\"512\" \/>\n\t<meta property=\"og:image:height\" content=\"512\" \/>\n\t<meta property=\"og:image:type\" content=\"image\/png\" \/>\n<meta name=\"author\" content=\"UBCR\" \/>\n<meta name=\"twitter:card\" content=\"summary_large_image\" \/>\n<meta name=\"twitter:label1\" content=\"\u00c9crit par\" \/>\n\t<meta name=\"twitter:data1\" content=\"UBCR\" \/>\n\t<meta name=\"twitter:label2\" content=\"Dur\u00e9e de lecture estim\u00e9e\" \/>\n\t<meta name=\"twitter:data2\" content=\"3 minutes\" \/>\n<script type=\"application\/ld+json\" class=\"yoast-schema-graph\">{\"@context\":\"https:\/\/schema.org\",\"@graph\":[{\"@type\":\"Article\",\"@id\":\"https:\/\/ubcr.be\/ubcrubcr\/les-idees-de-lubcr-percolent-diantrement\/#article\",\"isPartOf\":{\"@id\":\"https:\/\/ubcr.be\/ubcrubcr\/les-idees-de-lubcr-percolent-diantrement\/\"},\"author\":{\"name\":\"UBCR\",\"@id\":\"https:\/\/ubcr.be\/ubcrubcr\/#\/schema\/person\/e2564e0d7b8aa01281ecc8f55d524de3\"},\"headline\":\"Les id\u00e9es de l\u2019UBCR percolent diantrement\u00a0!\",\"datePublished\":\"2025-08-09T07:05:03+00:00\",\"dateModified\":\"2025-08-09T07:06:01+00:00\",\"mainEntityOfPage\":{\"@id\":\"https:\/\/ubcr.be\/ubcrubcr\/les-idees-de-lubcr-percolent-diantrement\/\"},\"wordCount\":520,\"publisher\":{\"@id\":\"https:\/\/ubcr.be\/ubcrubcr\/#organization\"},\"image\":{\"@id\":\"https:\/\/ubcr.be\/ubcrubcr\/les-idees-de-lubcr-percolent-diantrement\/#primaryimage\"},\"thumbnailUrl\":\"https:\/\/ubcr.be\/ubcrubcr\/wp-content\/uploads\/2023\/09\/cropped-Favicon.png\",\"articleSection\":[\"Newsletters\"],\"inLanguage\":\"fr-FR\"},{\"@type\":\"WebPage\",\"@id\":\"https:\/\/ubcr.be\/ubcrubcr\/les-idees-de-lubcr-percolent-diantrement\/\",\"url\":\"https:\/\/ubcr.be\/ubcrubcr\/les-idees-de-lubcr-percolent-diantrement\/\",\"name\":\"Les id\u00e9es de l\u2019UBCR percolent diantrement\u00a0! - UBCR\",\"isPartOf\":{\"@id\":\"https:\/\/ubcr.be\/ubcrubcr\/#website\"},\"primaryImageOfPage\":{\"@id\":\"https:\/\/ubcr.be\/ubcrubcr\/les-idees-de-lubcr-percolent-diantrement\/#primaryimage\"},\"image\":{\"@id\":\"https:\/\/ubcr.be\/ubcrubcr\/les-idees-de-lubcr-percolent-diantrement\/#primaryimage\"},\"thumbnailUrl\":\"https:\/\/ubcr.be\/ubcrubcr\/wp-content\/uploads\/2023\/09\/cropped-Favicon.png\",\"datePublished\":\"2025-08-09T07:05:03+00:00\",\"dateModified\":\"2025-08-09T07:06:01+00:00\",\"breadcrumb\":{\"@id\":\"https:\/\/ubcr.be\/ubcrubcr\/les-idees-de-lubcr-percolent-diantrement\/#breadcrumb\"},\"inLanguage\":\"fr-FR\",\"potentialAction\":[{\"@type\":\"ReadAction\",\"target\":[\"https:\/\/ubcr.be\/ubcrubcr\/les-idees-de-lubcr-percolent-diantrement\/\"]}]},{\"@type\":\"ImageObject\",\"inLanguage\":\"fr-FR\",\"@id\":\"https:\/\/ubcr.be\/ubcrubcr\/les-idees-de-lubcr-percolent-diantrement\/#primaryimage\",\"url\":\"https:\/\/ubcr.be\/ubcrubcr\/wp-content\/uploads\/2023\/09\/cropped-Favicon.png\",\"contentUrl\":\"https:\/\/ubcr.be\/ubcrubcr\/wp-content\/uploads\/2023\/09\/cropped-Favicon.png\",\"width\":512,\"height\":512},{\"@type\":\"BreadcrumbList\",\"@id\":\"https:\/\/ubcr.be\/ubcrubcr\/les-idees-de-lubcr-percolent-diantrement\/#breadcrumb\",\"itemListElement\":[{\"@type\":\"ListItem\",\"position\":1,\"name\":\"Accueil\",\"item\":\"https:\/\/ubcr.be\/ubcrubcr\/\"},{\"@type\":\"ListItem\",\"position\":2,\"name\":\"Les id\u00e9es de l\u2019UBCR percolent diantrement\u00a0!\"}]},{\"@type\":\"WebSite\",\"@id\":\"https:\/\/ubcr.be\/ubcrubcr\/#website\",\"url\":\"https:\/\/ubcr.be\/ubcrubcr\/\",\"name\":\"UBCR\",\"description\":\"Union Belge de la Chasse et de la Ruralit\u00e9\",\"publisher\":{\"@id\":\"https:\/\/ubcr.be\/ubcrubcr\/#organization\"},\"potentialAction\":[{\"@type\":\"SearchAction\",\"target\":{\"@type\":\"EntryPoint\",\"urlTemplate\":\"https:\/\/ubcr.be\/ubcrubcr\/?s={search_term_string}\"},\"query-input\":{\"@type\":\"PropertyValueSpecification\",\"valueRequired\":true,\"valueName\":\"search_term_string\"}}],\"inLanguage\":\"fr-FR\"},{\"@type\":\"Organization\",\"@id\":\"https:\/\/ubcr.be\/ubcrubcr\/#organization\",\"name\":\"Union Belge de la Chasse et de la ruralit\u00e9\",\"url\":\"https:\/\/ubcr.be\/ubcrubcr\/\",\"logo\":{\"@type\":\"ImageObject\",\"inLanguage\":\"fr-FR\",\"@id\":\"https:\/\/ubcr.be\/ubcrubcr\/#\/schema\/logo\/image\/\",\"url\":\"https:\/\/ubcr.be\/ubcrubcr\/wp-content\/uploads\/2023\/10\/Logo-2023-UBCR_Web3.png\",\"contentUrl\":\"https:\/\/ubcr.be\/ubcrubcr\/wp-content\/uploads\/2023\/10\/Logo-2023-UBCR_Web3.png\",\"width\":381,\"height\":139,\"caption\":\"Union Belge de la Chasse et de la ruralit\u00e9\"},\"image\":{\"@id\":\"https:\/\/ubcr.be\/ubcrubcr\/#\/schema\/logo\/image\/\"}},{\"@type\":\"Person\",\"@id\":\"https:\/\/ubcr.be\/ubcrubcr\/#\/schema\/person\/e2564e0d7b8aa01281ecc8f55d524de3\",\"name\":\"UBCR\",\"image\":{\"@type\":\"ImageObject\",\"inLanguage\":\"fr-FR\",\"@id\":\"https:\/\/ubcr.be\/ubcrubcr\/#\/schema\/person\/image\/\",\"url\":\"https:\/\/secure.gravatar.com\/avatar\/6fcd7489cc5ccf661c39a961500084b7c4d5d708f1e89189a30c5f6e12ba733e?s=96&d=mm&r=g\",\"contentUrl\":\"https:\/\/secure.gravatar.com\/avatar\/6fcd7489cc5ccf661c39a961500084b7c4d5d708f1e89189a30c5f6e12ba733e?s=96&d=mm&r=g\",\"caption\":\"UBCR\"},\"sameAs\":[\"http:\/\/ubcr.be\/ubcrubcr\"],\"url\":\"https:\/\/ubcr.be\/ubcrubcr\/author\/ubcrbelubcr\/\"}]}<\/script>\n<!-- \/ Yoast SEO plugin. -->","yoast_head_json":{"title":"Les id\u00e9es de l\u2019UBCR percolent diantrement\u00a0! - UBCR","robots":{"index":"index","follow":"follow","max-snippet":"max-snippet:-1","max-image-preview":"max-image-preview:large","max-video-preview":"max-video-preview:-1"},"canonical":"https:\/\/ubcr.be\/ubcrubcr\/les-idees-de-lubcr-percolent-diantrement\/","og_locale":"fr_FR","og_type":"article","og_title":"Les id\u00e9es de l\u2019UBCR percolent diantrement\u00a0! - UBCR","og_description":"Nous pouvons l\u00e9gitimement \u00eatre satisfaits. En effet, il y a d\u00e9j\u00e0 quelques mois, une association de chasseurs bien connue publiait un manifeste pour \u00abl&rsquo;\u00e9thique\u00bb de la chasse, proposant \u00e0 diverses autres associations actives dans le domaine de se joindre \u00e0 elle, mais niant l\u2019existence de notre association dont ce manifeste reprend, pourtant, en grande partie [&hellip;]","og_url":"https:\/\/ubcr.be\/ubcrubcr\/les-idees-de-lubcr-percolent-diantrement\/","og_site_name":"UBCR","article_published_time":"2025-08-09T07:05:03+00:00","article_modified_time":"2025-08-09T07:06:01+00:00","og_image":[{"width":512,"height":512,"url":"https:\/\/ubcr.be\/ubcrubcr\/wp-content\/uploads\/2023\/09\/cropped-Favicon.png","type":"image\/png"}],"author":"UBCR","twitter_card":"summary_large_image","twitter_misc":{"\u00c9crit par":"UBCR","Dur\u00e9e de lecture estim\u00e9e":"3 minutes"},"schema":{"@context":"https:\/\/schema.org","@graph":[{"@type":"Article","@id":"https:\/\/ubcr.be\/ubcrubcr\/les-idees-de-lubcr-percolent-diantrement\/#article","isPartOf":{"@id":"https:\/\/ubcr.be\/ubcrubcr\/les-idees-de-lubcr-percolent-diantrement\/"},"author":{"name":"UBCR","@id":"https:\/\/ubcr.be\/ubcrubcr\/#\/schema\/person\/e2564e0d7b8aa01281ecc8f55d524de3"},"headline":"Les id\u00e9es de l\u2019UBCR percolent diantrement\u00a0!","datePublished":"2025-08-09T07:05:03+00:00","dateModified":"2025-08-09T07:06:01+00:00","mainEntityOfPage":{"@id":"https:\/\/ubcr.be\/ubcrubcr\/les-idees-de-lubcr-percolent-diantrement\/"},"wordCount":520,"publisher":{"@id":"https:\/\/ubcr.be\/ubcrubcr\/#organization"},"image":{"@id":"https:\/\/ubcr.be\/ubcrubcr\/les-idees-de-lubcr-percolent-diantrement\/#primaryimage"},"thumbnailUrl":"https:\/\/ubcr.be\/ubcrubcr\/wp-content\/uploads\/2023\/09\/cropped-Favicon.png","articleSection":["Newsletters"],"inLanguage":"fr-FR"},{"@type":"WebPage","@id":"https:\/\/ubcr.be\/ubcrubcr\/les-idees-de-lubcr-percolent-diantrement\/","url":"https:\/\/ubcr.be\/ubcrubcr\/les-idees-de-lubcr-percolent-diantrement\/","name":"Les id\u00e9es de l\u2019UBCR percolent diantrement\u00a0! - UBCR","isPartOf":{"@id":"https:\/\/ubcr.be\/ubcrubcr\/#website"},"primaryImageOfPage":{"@id":"https:\/\/ubcr.be\/ubcrubcr\/les-idees-de-lubcr-percolent-diantrement\/#primaryimage"},"image":{"@id":"https:\/\/ubcr.be\/ubcrubcr\/les-idees-de-lubcr-percolent-diantrement\/#primaryimage"},"thumbnailUrl":"https:\/\/ubcr.be\/ubcrubcr\/wp-content\/uploads\/2023\/09\/cropped-Favicon.png","datePublished":"2025-08-09T07:05:03+00:00","dateModified":"2025-08-09T07:06:01+00:00","breadcrumb":{"@id":"https:\/\/ubcr.be\/ubcrubcr\/les-idees-de-lubcr-percolent-diantrement\/#breadcrumb"},"inLanguage":"fr-FR","potentialAction":[{"@type":"ReadAction","target":["https:\/\/ubcr.be\/ubcrubcr\/les-idees-de-lubcr-percolent-diantrement\/"]}]},{"@type":"ImageObject","inLanguage":"fr-FR","@id":"https:\/\/ubcr.be\/ubcrubcr\/les-idees-de-lubcr-percolent-diantrement\/#primaryimage","url":"https:\/\/ubcr.be\/ubcrubcr\/wp-content\/uploads\/2023\/09\/cropped-Favicon.png","contentUrl":"https:\/\/ubcr.be\/ubcrubcr\/wp-content\/uploads\/2023\/09\/cropped-Favicon.png","width":512,"height":512},{"@type":"BreadcrumbList","@id":"https:\/\/ubcr.be\/ubcrubcr\/les-idees-de-lubcr-percolent-diantrement\/#breadcrumb","itemListElement":[{"@type":"ListItem","position":1,"name":"Accueil","item":"https:\/\/ubcr.be\/ubcrubcr\/"},{"@type":"ListItem","position":2,"name":"Les id\u00e9es de l\u2019UBCR percolent diantrement\u00a0!"}]},{"@type":"WebSite","@id":"https:\/\/ubcr.be\/ubcrubcr\/#website","url":"https:\/\/ubcr.be\/ubcrubcr\/","name":"UBCR","description":"Union Belge de la Chasse et de la Ruralit\u00e9","publisher":{"@id":"https:\/\/ubcr.be\/ubcrubcr\/#organization"},"potentialAction":[{"@type":"SearchAction","target":{"@type":"EntryPoint","urlTemplate":"https:\/\/ubcr.be\/ubcrubcr\/?s={search_term_string}"},"query-input":{"@type":"PropertyValueSpecification","valueRequired":true,"valueName":"search_term_string"}}],"inLanguage":"fr-FR"},{"@type":"Organization","@id":"https:\/\/ubcr.be\/ubcrubcr\/#organization","name":"Union Belge de la Chasse et de la ruralit\u00e9","url":"https:\/\/ubcr.be\/ubcrubcr\/","logo":{"@type":"ImageObject","inLanguage":"fr-FR","@id":"https:\/\/ubcr.be\/ubcrubcr\/#\/schema\/logo\/image\/","url":"https:\/\/ubcr.be\/ubcrubcr\/wp-content\/uploads\/2023\/10\/Logo-2023-UBCR_Web3.png","contentUrl":"https:\/\/ubcr.be\/ubcrubcr\/wp-content\/uploads\/2023\/10\/Logo-2023-UBCR_Web3.png","width":381,"height":139,"caption":"Union Belge de la Chasse et de la ruralit\u00e9"},"image":{"@id":"https:\/\/ubcr.be\/ubcrubcr\/#\/schema\/logo\/image\/"}},{"@type":"Person","@id":"https:\/\/ubcr.be\/ubcrubcr\/#\/schema\/person\/e2564e0d7b8aa01281ecc8f55d524de3","name":"UBCR","image":{"@type":"ImageObject","inLanguage":"fr-FR","@id":"https:\/\/ubcr.be\/ubcrubcr\/#\/schema\/person\/image\/","url":"https:\/\/secure.gravatar.com\/avatar\/6fcd7489cc5ccf661c39a961500084b7c4d5d708f1e89189a30c5f6e12ba733e?s=96&d=mm&r=g","contentUrl":"https:\/\/secure.gravatar.com\/avatar\/6fcd7489cc5ccf661c39a961500084b7c4d5d708f1e89189a30c5f6e12ba733e?s=96&d=mm&r=g","caption":"UBCR"},"sameAs":["http:\/\/ubcr.be\/ubcrubcr"],"url":"https:\/\/ubcr.be\/ubcrubcr\/author\/ubcrbelubcr\/"}]}},"_links":{"self":[{"href":"https:\/\/ubcr.be\/ubcrubcr\/wp-json\/wp\/v2\/posts\/1331","targetHints":{"allow":["GET"]}}],"collection":[{"href":"https:\/\/ubcr.be\/ubcrubcr\/wp-json\/wp\/v2\/posts"}],"about":[{"href":"https:\/\/ubcr.be\/ubcrubcr\/wp-json\/wp\/v2\/types\/post"}],"author":[{"embeddable":true,"href":"https:\/\/ubcr.be\/ubcrubcr\/wp-json\/wp\/v2\/users\/1"}],"replies":[{"embeddable":true,"href":"https:\/\/ubcr.be\/ubcrubcr\/wp-json\/wp\/v2\/comments?post=1331"}],"version-history":[{"count":2,"href":"https:\/\/ubcr.be\/ubcrubcr\/wp-json\/wp\/v2\/posts\/1331\/revisions"}],"predecessor-version":[{"id":1333,"href":"https:\/\/ubcr.be\/ubcrubcr\/wp-json\/wp\/v2\/posts\/1331\/revisions\/1333"}],"wp:featuredmedia":[{"embeddable":true,"href":"https:\/\/ubcr.be\/ubcrubcr\/wp-json\/wp\/v2\/media\/58"}],"wp:attachment":[{"href":"https:\/\/ubcr.be\/ubcrubcr\/wp-json\/wp\/v2\/media?parent=1331"}],"wp:term":[{"taxonomy":"category","embeddable":true,"href":"https:\/\/ubcr.be\/ubcrubcr\/wp-json\/wp\/v2\/categories?post=1331"},{"taxonomy":"post_tag","embeddable":true,"href":"https:\/\/ubcr.be\/ubcrubcr\/wp-json\/wp\/v2\/tags?post=1331"}],"curies":[{"name":"wp","href":"https:\/\/api.w.org\/{rel}","templated":true}]}}