{"id":1322,"date":"2025-08-06T21:48:45","date_gmt":"2025-08-06T19:48:45","guid":{"rendered":"https:\/\/ubcr.be\/ubcrubcr\/?p=1322"},"modified":"2025-08-06T21:52:12","modified_gmt":"2025-08-06T19:52:12","slug":"formation-garde-chasse","status":"publish","type":"post","link":"https:\/\/ubcr.be\/ubcrubcr\/formation-garde-chasse\/","title":{"rendered":"Formation Garde-Chasse"},"content":{"rendered":"\n<p class=\"has-medium-font-size\">Nous relayons l&rsquo;information dans l&rsquo;int\u00e9r\u00eat de chacun : l&rsquo;Etablissement Communal d&rsquo;Enseignement de Promotion Sociale de Couillet organise une formation de garde-chasse.<br><br><strong>Objectifs de la formation<\/strong><br>Au terme de ce parcours, les participants seront en mesure de:<br>\uf0b7 Reconna\u00eetre, observer et g\u00e9rer la faune sauvage, en particulier le gibier, dans le respect des \u00e9quilibres naturels.<br>\uf0b7 Surveiller et am\u00e9nager un territoire de chasse, en tenant compte des enjeux environnementaux, de s\u00e9curit\u00e9 et de biodiversit\u00e9.<br>\uf0b7 Se pr\u00e9parer efficacement \u00e0 l\u2019obtention du permis de chasse, gr\u00e2ce \u00e0 une approche structur\u00e9e et ancr\u00e9e dans la r\u00e9alit\u00e9 du terrain.<br>\uf0b7 Organiser des journ\u00e9es de chasse, qu\u2019il s\u2019agisse de battues, d\u2019approche ou d\u2019autres techniques, en ma\u00eetrisant les aspects logistiques, r\u00e9glementaires et s\u00e9curitaires.<\/p>\n\n\n\n<p class=\"has-medium-font-size\"><\/p>\n\n\n\n<p class=\"has-medium-font-size\"><strong>Programme<\/strong>:<br>\uf0b7 La chasse, sa gestion, ses techniques <br>\uf0b7 L\u00e9gislation relative \u00e0 la chasse<br>\uf0b7 Sciences naturelles et environnement<br>\uf0b7 Sciences foresti\u00e8res <br>\uf0b7 Estimation agricoles et foresti\u00e8res<\/p>\n\n\n\n<p class=\"has-medium-font-size\"><strong>Renseignements <\/strong>: Etablissement Communal d&rsquo;Enseignement de Promotion Sociale de Couillet, rue Alfred Nobel 3 \u00e0 6010 COUILLET &#8211; 071 \/ 434 808, eceps.couillet@charleroi.be<\/p>\n","protected":false},"excerpt":{"rendered":"<p>Nous relayons l&rsquo;information dans l&rsquo;int\u00e9r\u00eat de chacun : l&rsquo;Etablissement Communal d&rsquo;Enseignement de Promotion Sociale de Couillet organise une formation de garde-chasse. Objectifs de la formationAu terme de ce parcours, les participants seront en mesure de:\uf0b7 Reconna\u00eetre, observer et g\u00e9rer la faune sauvage, en particulier le gibier, dans le respect des \u00e9quilibres naturels.\uf0b7 Surveiller et am\u00e9nager [&hellip;]<\/p>\n","protected":false},"author":1,"featured_media":1325,"comment_status":"closed","ping_status":"closed","sticky":false,"template":"","format":"standard","meta":{"ngg_post_thumbnail":0,"ocean_post_layout":"left-sidebar","ocean_both_sidebars_style":"","ocean_both_sidebars_content_width":0,"ocean_both_sidebars_sidebars_width":0,"ocean_sidebar":"","ocean_second_sidebar":"","ocean_disable_margins":"enable","ocean_add_body_class":"","ocean_shortcode_before_top_bar":"","ocean_shortcode_after_top_bar":"","ocean_shortcode_before_header":"","ocean_shortcode_after_header":"","ocean_has_shortcode":"","ocean_shortcode_after_title":"","ocean_shortcode_before_footer_widgets":"","ocean_shortcode_after_footer_widgets":"","ocean_shortcode_before_footer_bottom":"","ocean_shortcode_after_footer_bottom":"","ocean_display_top_bar":"default","ocean_display_header":"default","ocean_header_style":"","ocean_center_header_left_menu":"","ocean_custom_header_template":"","ocean_custom_logo":0,"ocean_custom_retina_logo":0,"ocean_custom_logo_max_width":0,"ocean_custom_logo_tablet_max_width":0,"ocean_custom_logo_mobile_max_width":0,"ocean_custom_logo_max_height":0,"ocean_custom_logo_tablet_max_height":0,"ocean_custom_logo_mobile_max_height":0,"ocean_header_custom_menu":"","ocean_menu_typo_font_family":"","ocean_menu_typo_font_subset":"","ocean_menu_typo_font_size":0,"ocean_menu_typo_font_size_tablet":0,"ocean_menu_typo_font_size_mobile":0,"ocean_menu_typo_font_size_unit":"px","ocean_menu_typo_font_weight":"","ocean_menu_typo_font_weight_tablet":"","ocean_menu_typo_font_weight_mobile":"","ocean_menu_typo_transform":"","ocean_menu_typo_transform_tablet":"","ocean_menu_typo_transform_mobile":"","ocean_menu_typo_line_height":0,"ocean_menu_typo_line_height_tablet":0,"ocean_menu_typo_line_height_mobile":0,"ocean_menu_typo_line_height_unit":"","ocean_menu_typo_spacing":0,"ocean_menu_typo_spacing_tablet":0,"ocean_menu_typo_spacing_mobile":0,"ocean_menu_typo_spacing_unit":"","ocean_menu_link_color":"","ocean_menu_link_color_hover":"","ocean_menu_link_color_active":"","ocean_menu_link_background":"","ocean_menu_link_hover_background":"","ocean_menu_link_active_background":"","ocean_menu_social_links_bg":"","ocean_menu_social_hover_links_bg":"","ocean_menu_social_links_color":"","ocean_menu_social_hover_links_color":"","ocean_disable_title":"default","ocean_disable_heading":"default","ocean_post_title":"","ocean_post_subheading":"","ocean_post_title_style":"","ocean_post_title_background_color":"","ocean_post_title_background":0,"ocean_post_title_bg_image_position":"","ocean_post_title_bg_image_attachment":"","ocean_post_title_bg_image_repeat":"","ocean_post_title_bg_image_size":"","ocean_post_title_height":0,"ocean_post_title_bg_overlay":0.5,"ocean_post_title_bg_overlay_color":"","ocean_disable_breadcrumbs":"default","ocean_breadcrumbs_color":"","ocean_breadcrumbs_separator_color":"","ocean_breadcrumbs_links_color":"","ocean_breadcrumbs_links_hover_color":"","ocean_display_footer_widgets":"default","ocean_display_footer_bottom":"default","ocean_custom_footer_template":"","_themeisle_gutenberg_block_has_review":false,"ocean_post_oembed":"","ocean_post_self_hosted_media":"","ocean_post_video_embed":"","ocean_link_format":"","ocean_link_format_target":"self","ocean_quote_format":"","ocean_quote_format_link":"post","ocean_gallery_link_images":"on","ocean_gallery_id":[],"footnotes":""},"categories":[21],"tags":[],"class_list":["post-1322","post","type-post","status-publish","format-standard","has-post-thumbnail","hentry","category-communications","entry","has-media"],"yoast_head":"<!-- This site is optimized with the Yoast SEO plugin v27.0 - https:\/\/yoast.com\/product\/yoast-seo-wordpress\/ -->\n<title>Formation Garde-Chasse - UBCR<\/title>\n<meta name=\"robots\" content=\"index, follow, max-snippet:-1, max-image-preview:large, max-video-preview:-1\" \/>\n<link rel=\"canonical\" href=\"https:\/\/ubcr.be\/ubcrubcr\/formation-garde-chasse\/\" \/>\n<meta property=\"og:locale\" content=\"fr_FR\" \/>\n<meta property=\"og:type\" content=\"article\" \/>\n<meta property=\"og:title\" content=\"Formation Garde-Chasse - UBCR\" \/>\n<meta property=\"og:description\" content=\"Nous relayons l&rsquo;information dans l&rsquo;int\u00e9r\u00eat de chacun : l&rsquo;Etablissement Communal d&rsquo;Enseignement de Promotion Sociale de Couillet organise une formation de garde-chasse. Objectifs de la formationAu terme de ce parcours, les participants seront en mesure de:\uf0b7 Reconna\u00eetre, observer et g\u00e9rer la faune sauvage, en particulier le gibier, dans le respect des \u00e9quilibres naturels.\uf0b7 Surveiller et am\u00e9nager [&hellip;]\" \/>\n<meta property=\"og:url\" content=\"https:\/\/ubcr.be\/ubcrubcr\/formation-garde-chasse\/\" \/>\n<meta property=\"og:site_name\" content=\"UBCR\" \/>\n<meta property=\"article:published_time\" content=\"2025-08-06T19:48:45+00:00\" \/>\n<meta property=\"article:modified_time\" content=\"2025-08-06T19:52:12+00:00\" \/>\n<meta property=\"og:image\" content=\"https:\/\/ubcr.be\/ubcrubcr\/wp-content\/uploads\/2025\/08\/GardeChasse2.jpg\" \/>\n\t<meta property=\"og:image:width\" content=\"574\" \/>\n\t<meta property=\"og:image:height\" content=\"428\" \/>\n\t<meta property=\"og:image:type\" content=\"image\/jpeg\" \/>\n<meta name=\"author\" content=\"UBCR\" \/>\n<meta name=\"twitter:card\" content=\"summary_large_image\" \/>\n<meta name=\"twitter:label1\" content=\"\u00c9crit par\" \/>\n\t<meta name=\"twitter:data1\" content=\"UBCR\" \/>\n\t<meta name=\"twitter:label2\" content=\"Dur\u00e9e de lecture estim\u00e9e\" \/>\n\t<meta name=\"twitter:data2\" content=\"2 minutes\" \/>\n<script type=\"application\/ld+json\" class=\"yoast-schema-graph\">{\"@context\":\"https:\/\/schema.org\",\"@graph\":[{\"@type\":\"Article\",\"@id\":\"https:\/\/ubcr.be\/ubcrubcr\/formation-garde-chasse\/#article\",\"isPartOf\":{\"@id\":\"https:\/\/ubcr.be\/ubcrubcr\/formation-garde-chasse\/\"},\"author\":{\"name\":\"UBCR\",\"@id\":\"https:\/\/ubcr.be\/ubcrubcr\/#\/schema\/person\/e2564e0d7b8aa01281ecc8f55d524de3\"},\"headline\":\"Formation Garde-Chasse\",\"datePublished\":\"2025-08-06T19:48:45+00:00\",\"dateModified\":\"2025-08-06T19:52:12+00:00\",\"mainEntityOfPage\":{\"@id\":\"https:\/\/ubcr.be\/ubcrubcr\/formation-garde-chasse\/\"},\"wordCount\":179,\"publisher\":{\"@id\":\"https:\/\/ubcr.be\/ubcrubcr\/#organization\"},\"image\":{\"@id\":\"https:\/\/ubcr.be\/ubcrubcr\/formation-garde-chasse\/#primaryimage\"},\"thumbnailUrl\":\"https:\/\/ubcr.be\/ubcrubcr\/wp-content\/uploads\/2025\/08\/GardeChasse2.jpg\",\"articleSection\":[\"Communications\"],\"inLanguage\":\"fr-FR\"},{\"@type\":\"WebPage\",\"@id\":\"https:\/\/ubcr.be\/ubcrubcr\/formation-garde-chasse\/\",\"url\":\"https:\/\/ubcr.be\/ubcrubcr\/formation-garde-chasse\/\",\"name\":\"Formation Garde-Chasse - UBCR\",\"isPartOf\":{\"@id\":\"https:\/\/ubcr.be\/ubcrubcr\/#website\"},\"primaryImageOfPage\":{\"@id\":\"https:\/\/ubcr.be\/ubcrubcr\/formation-garde-chasse\/#primaryimage\"},\"image\":{\"@id\":\"https:\/\/ubcr.be\/ubcrubcr\/formation-garde-chasse\/#primaryimage\"},\"thumbnailUrl\":\"https:\/\/ubcr.be\/ubcrubcr\/wp-content\/uploads\/2025\/08\/GardeChasse2.jpg\",\"datePublished\":\"2025-08-06T19:48:45+00:00\",\"dateModified\":\"2025-08-06T19:52:12+00:00\",\"breadcrumb\":{\"@id\":\"https:\/\/ubcr.be\/ubcrubcr\/formation-garde-chasse\/#breadcrumb\"},\"inLanguage\":\"fr-FR\",\"potentialAction\":[{\"@type\":\"ReadAction\",\"target\":[\"https:\/\/ubcr.be\/ubcrubcr\/formation-garde-chasse\/\"]}]},{\"@type\":\"ImageObject\",\"inLanguage\":\"fr-FR\",\"@id\":\"https:\/\/ubcr.be\/ubcrubcr\/formation-garde-chasse\/#primaryimage\",\"url\":\"https:\/\/ubcr.be\/ubcrubcr\/wp-content\/uploads\/2025\/08\/GardeChasse2.jpg\",\"contentUrl\":\"https:\/\/ubcr.be\/ubcrubcr\/wp-content\/uploads\/2025\/08\/GardeChasse2.jpg\",\"width\":574,\"height\":428},{\"@type\":\"BreadcrumbList\",\"@id\":\"https:\/\/ubcr.be\/ubcrubcr\/formation-garde-chasse\/#breadcrumb\",\"itemListElement\":[{\"@type\":\"ListItem\",\"position\":1,\"name\":\"Accueil\",\"item\":\"https:\/\/ubcr.be\/ubcrubcr\/\"},{\"@type\":\"ListItem\",\"position\":2,\"name\":\"Formation Garde-Chasse\"}]},{\"@type\":\"WebSite\",\"@id\":\"https:\/\/ubcr.be\/ubcrubcr\/#website\",\"url\":\"https:\/\/ubcr.be\/ubcrubcr\/\",\"name\":\"UBCR\",\"description\":\"Union Belge de la Chasse et de la Ruralit\u00e9\",\"publisher\":{\"@id\":\"https:\/\/ubcr.be\/ubcrubcr\/#organization\"},\"potentialAction\":[{\"@type\":\"SearchAction\",\"target\":{\"@type\":\"EntryPoint\",\"urlTemplate\":\"https:\/\/ubcr.be\/ubcrubcr\/?s={search_term_string}\"},\"query-input\":{\"@type\":\"PropertyValueSpecification\",\"valueRequired\":true,\"valueName\":\"search_term_string\"}}],\"inLanguage\":\"fr-FR\"},{\"@type\":\"Organization\",\"@id\":\"https:\/\/ubcr.be\/ubcrubcr\/#organization\",\"name\":\"Union Belge de la Chasse et de la ruralit\u00e9\",\"url\":\"https:\/\/ubcr.be\/ubcrubcr\/\",\"logo\":{\"@type\":\"ImageObject\",\"inLanguage\":\"fr-FR\",\"@id\":\"https:\/\/ubcr.be\/ubcrubcr\/#\/schema\/logo\/image\/\",\"url\":\"https:\/\/ubcr.be\/ubcrubcr\/wp-content\/uploads\/2023\/10\/Logo-2023-UBCR_Web3.png\",\"contentUrl\":\"https:\/\/ubcr.be\/ubcrubcr\/wp-content\/uploads\/2023\/10\/Logo-2023-UBCR_Web3.png\",\"width\":381,\"height\":139,\"caption\":\"Union Belge de la Chasse et de la ruralit\u00e9\"},\"image\":{\"@id\":\"https:\/\/ubcr.be\/ubcrubcr\/#\/schema\/logo\/image\/\"}},{\"@type\":\"Person\",\"@id\":\"https:\/\/ubcr.be\/ubcrubcr\/#\/schema\/person\/e2564e0d7b8aa01281ecc8f55d524de3\",\"name\":\"UBCR\",\"image\":{\"@type\":\"ImageObject\",\"inLanguage\":\"fr-FR\",\"@id\":\"https:\/\/ubcr.be\/ubcrubcr\/#\/schema\/person\/image\/\",\"url\":\"https:\/\/secure.gravatar.com\/avatar\/6fcd7489cc5ccf661c39a961500084b7c4d5d708f1e89189a30c5f6e12ba733e?s=96&d=mm&r=g\",\"contentUrl\":\"https:\/\/secure.gravatar.com\/avatar\/6fcd7489cc5ccf661c39a961500084b7c4d5d708f1e89189a30c5f6e12ba733e?s=96&d=mm&r=g\",\"caption\":\"UBCR\"},\"sameAs\":[\"http:\/\/ubcr.be\/ubcrubcr\"],\"url\":\"https:\/\/ubcr.be\/ubcrubcr\/author\/ubcrbelubcr\/\"}]}<\/script>\n<!-- \/ Yoast SEO plugin. -->","yoast_head_json":{"title":"Formation Garde-Chasse - UBCR","robots":{"index":"index","follow":"follow","max-snippet":"max-snippet:-1","max-image-preview":"max-image-preview:large","max-video-preview":"max-video-preview:-1"},"canonical":"https:\/\/ubcr.be\/ubcrubcr\/formation-garde-chasse\/","og_locale":"fr_FR","og_type":"article","og_title":"Formation Garde-Chasse - UBCR","og_description":"Nous relayons l&rsquo;information dans l&rsquo;int\u00e9r\u00eat de chacun : l&rsquo;Etablissement Communal d&rsquo;Enseignement de Promotion Sociale de Couillet organise une formation de garde-chasse. Objectifs de la formationAu terme de ce parcours, les participants seront en mesure de:\uf0b7 Reconna\u00eetre, observer et g\u00e9rer la faune sauvage, en particulier le gibier, dans le respect des \u00e9quilibres naturels.\uf0b7 Surveiller et am\u00e9nager [&hellip;]","og_url":"https:\/\/ubcr.be\/ubcrubcr\/formation-garde-chasse\/","og_site_name":"UBCR","article_published_time":"2025-08-06T19:48:45+00:00","article_modified_time":"2025-08-06T19:52:12+00:00","og_image":[{"width":574,"height":428,"url":"https:\/\/ubcr.be\/ubcrubcr\/wp-content\/uploads\/2025\/08\/GardeChasse2.jpg","type":"image\/jpeg"}],"author":"UBCR","twitter_card":"summary_large_image","twitter_misc":{"\u00c9crit par":"UBCR","Dur\u00e9e de lecture estim\u00e9e":"2 minutes"},"schema":{"@context":"https:\/\/schema.org","@graph":[{"@type":"Article","@id":"https:\/\/ubcr.be\/ubcrubcr\/formation-garde-chasse\/#article","isPartOf":{"@id":"https:\/\/ubcr.be\/ubcrubcr\/formation-garde-chasse\/"},"author":{"name":"UBCR","@id":"https:\/\/ubcr.be\/ubcrubcr\/#\/schema\/person\/e2564e0d7b8aa01281ecc8f55d524de3"},"headline":"Formation Garde-Chasse","datePublished":"2025-08-06T19:48:45+00:00","dateModified":"2025-08-06T19:52:12+00:00","mainEntityOfPage":{"@id":"https:\/\/ubcr.be\/ubcrubcr\/formation-garde-chasse\/"},"wordCount":179,"publisher":{"@id":"https:\/\/ubcr.be\/ubcrubcr\/#organization"},"image":{"@id":"https:\/\/ubcr.be\/ubcrubcr\/formation-garde-chasse\/#primaryimage"},"thumbnailUrl":"https:\/\/ubcr.be\/ubcrubcr\/wp-content\/uploads\/2025\/08\/GardeChasse2.jpg","articleSection":["Communications"],"inLanguage":"fr-FR"},{"@type":"WebPage","@id":"https:\/\/ubcr.be\/ubcrubcr\/formation-garde-chasse\/","url":"https:\/\/ubcr.be\/ubcrubcr\/formation-garde-chasse\/","name":"Formation Garde-Chasse - UBCR","isPartOf":{"@id":"https:\/\/ubcr.be\/ubcrubcr\/#website"},"primaryImageOfPage":{"@id":"https:\/\/ubcr.be\/ubcrubcr\/formation-garde-chasse\/#primaryimage"},"image":{"@id":"https:\/\/ubcr.be\/ubcrubcr\/formation-garde-chasse\/#primaryimage"},"thumbnailUrl":"https:\/\/ubcr.be\/ubcrubcr\/wp-content\/uploads\/2025\/08\/GardeChasse2.jpg","datePublished":"2025-08-06T19:48:45+00:00","dateModified":"2025-08-06T19:52:12+00:00","breadcrumb":{"@id":"https:\/\/ubcr.be\/ubcrubcr\/formation-garde-chasse\/#breadcrumb"},"inLanguage":"fr-FR","potentialAction":[{"@type":"ReadAction","target":["https:\/\/ubcr.be\/ubcrubcr\/formation-garde-chasse\/"]}]},{"@type":"ImageObject","inLanguage":"fr-FR","@id":"https:\/\/ubcr.be\/ubcrubcr\/formation-garde-chasse\/#primaryimage","url":"https:\/\/ubcr.be\/ubcrubcr\/wp-content\/uploads\/2025\/08\/GardeChasse2.jpg","contentUrl":"https:\/\/ubcr.be\/ubcrubcr\/wp-content\/uploads\/2025\/08\/GardeChasse2.jpg","width":574,"height":428},{"@type":"BreadcrumbList","@id":"https:\/\/ubcr.be\/ubcrubcr\/formation-garde-chasse\/#breadcrumb","itemListElement":[{"@type":"ListItem","position":1,"name":"Accueil","item":"https:\/\/ubcr.be\/ubcrubcr\/"},{"@type":"ListItem","position":2,"name":"Formation Garde-Chasse"}]},{"@type":"WebSite","@id":"https:\/\/ubcr.be\/ubcrubcr\/#website","url":"https:\/\/ubcr.be\/ubcrubcr\/","name":"UBCR","description":"Union Belge de la Chasse et de la Ruralit\u00e9","publisher":{"@id":"https:\/\/ubcr.be\/ubcrubcr\/#organization"},"potentialAction":[{"@type":"SearchAction","target":{"@type":"EntryPoint","urlTemplate":"https:\/\/ubcr.be\/ubcrubcr\/?s={search_term_string}"},"query-input":{"@type":"PropertyValueSpecification","valueRequired":true,"valueName":"search_term_string"}}],"inLanguage":"fr-FR"},{"@type":"Organization","@id":"https:\/\/ubcr.be\/ubcrubcr\/#organization","name":"Union Belge de la Chasse et de la ruralit\u00e9","url":"https:\/\/ubcr.be\/ubcrubcr\/","logo":{"@type":"ImageObject","inLanguage":"fr-FR","@id":"https:\/\/ubcr.be\/ubcrubcr\/#\/schema\/logo\/image\/","url":"https:\/\/ubcr.be\/ubcrubcr\/wp-content\/uploads\/2023\/10\/Logo-2023-UBCR_Web3.png","contentUrl":"https:\/\/ubcr.be\/ubcrubcr\/wp-content\/uploads\/2023\/10\/Logo-2023-UBCR_Web3.png","width":381,"height":139,"caption":"Union Belge de la Chasse et de la ruralit\u00e9"},"image":{"@id":"https:\/\/ubcr.be\/ubcrubcr\/#\/schema\/logo\/image\/"}},{"@type":"Person","@id":"https:\/\/ubcr.be\/ubcrubcr\/#\/schema\/person\/e2564e0d7b8aa01281ecc8f55d524de3","name":"UBCR","image":{"@type":"ImageObject","inLanguage":"fr-FR","@id":"https:\/\/ubcr.be\/ubcrubcr\/#\/schema\/person\/image\/","url":"https:\/\/secure.gravatar.com\/avatar\/6fcd7489cc5ccf661c39a961500084b7c4d5d708f1e89189a30c5f6e12ba733e?s=96&d=mm&r=g","contentUrl":"https:\/\/secure.gravatar.com\/avatar\/6fcd7489cc5ccf661c39a961500084b7c4d5d708f1e89189a30c5f6e12ba733e?s=96&d=mm&r=g","caption":"UBCR"},"sameAs":["http:\/\/ubcr.be\/ubcrubcr"],"url":"https:\/\/ubcr.be\/ubcrubcr\/author\/ubcrbelubcr\/"}]}},"_links":{"self":[{"href":"https:\/\/ubcr.be\/ubcrubcr\/wp-json\/wp\/v2\/posts\/1322","targetHints":{"allow":["GET"]}}],"collection":[{"href":"https:\/\/ubcr.be\/ubcrubcr\/wp-json\/wp\/v2\/posts"}],"about":[{"href":"https:\/\/ubcr.be\/ubcrubcr\/wp-json\/wp\/v2\/types\/post"}],"author":[{"embeddable":true,"href":"https:\/\/ubcr.be\/ubcrubcr\/wp-json\/wp\/v2\/users\/1"}],"replies":[{"embeddable":true,"href":"https:\/\/ubcr.be\/ubcrubcr\/wp-json\/wp\/v2\/comments?post=1322"}],"version-history":[{"count":3,"href":"https:\/\/ubcr.be\/ubcrubcr\/wp-json\/wp\/v2\/posts\/1322\/revisions"}],"predecessor-version":[{"id":1330,"href":"https:\/\/ubcr.be\/ubcrubcr\/wp-json\/wp\/v2\/posts\/1322\/revisions\/1330"}],"wp:featuredmedia":[{"embeddable":true,"href":"https:\/\/ubcr.be\/ubcrubcr\/wp-json\/wp\/v2\/media\/1325"}],"wp:attachment":[{"href":"https:\/\/ubcr.be\/ubcrubcr\/wp-json\/wp\/v2\/media?parent=1322"}],"wp:term":[{"taxonomy":"category","embeddable":true,"href":"https:\/\/ubcr.be\/ubcrubcr\/wp-json\/wp\/v2\/categories?post=1322"},{"taxonomy":"post_tag","embeddable":true,"href":"https:\/\/ubcr.be\/ubcrubcr\/wp-json\/wp\/v2\/tags?post=1322"}],"curies":[{"name":"wp","href":"https:\/\/api.w.org\/{rel}","templated":true}]}}