{"id":1309,"date":"2025-08-06T20:36:27","date_gmt":"2025-08-06T18:36:27","guid":{"rendered":"https:\/\/ubcr.be\/ubcrubcr\/?p=1309"},"modified":"2025-08-06T21:28:18","modified_gmt":"2025-08-06T19:28:18","slug":"pas-de-perdrix-cette-saison-mais-bien-lannee-prochaine","status":"publish","type":"post","link":"https:\/\/ubcr.be\/ubcrubcr\/pas-de-perdrix-cette-saison-mais-bien-lannee-prochaine\/","title":{"rendered":"Pas de perdrix cette saison, mais bien l&rsquo;ann\u00e9e prochaine"},"content":{"rendered":"\n<p><\/p>\n\n\n\n<p style=\"font-size:20px\">Du fait de d\u00e9lais trop courts n&rsquo;ayant pas permis aux diff\u00e9rents intervenants la r\u00e9daction de plans de gestion juridiquement s\u00fbrs et coh\u00e9rents, la chasse de la perdrix grise ne sera pas autoris\u00e9e cet automne 2025.<\/p>\n\n\n\n<p style=\"font-size:20px\">Sa chasse devrait \u00eatre \u00e0 nouveau possible d\u00e8s 2026 dans les territoires membres d\u2019un conseil cyn\u00e9g\u00e9tique disposant d\u2019un plan de gestion approuv\u00e9; la volont\u00e9 de la ministre restant inchang\u00e9e \u00e0 ce sujet. Les groupes de travail se concentrent actuellement sur l&rsquo;\u00e9laboration d&rsquo;un arr\u00eat\u00e9 minist\u00e9riel fixant les conditions requises pour les plans de gestion afin d&rsquo;assurer une \u00e9volution p\u00e9renne des populations de perdrix.<\/p>\n\n\n\n<p style=\"font-size:20px\">Comme nous le savons, les gestionnaires de territoires de chasse concern\u00e9s travaillent depuis longtemps d\u00e9j\u00e0 \u00e0 \u00e9laborer avec soin des am\u00e9nagements favorisant tant les conditions de vie de la perdrix, que de mani\u00e8re plus g\u00e9n\u00e9rale, celles de bien d&rsquo;autres esp\u00e8ces partageant ce m\u00eame biotope. L&rsquo;\u00e9volution des populations est activement suivie. Une publication de l&rsquo;arr\u00eat\u00e9 dans un d\u00e9lai raisonnable permettra donc aux conseils cyn\u00e9g\u00e9tiques concern\u00e9s de soumettre leur plan dans les d\u00e9lais requis pour 2026.<\/p>\n\n\n\n<p style=\"font-size:20px\"><\/p>\n\n\n\n<p><\/p>\n","protected":false},"excerpt":{"rendered":"<p>Du fait de d\u00e9lais trop courts n&rsquo;ayant pas permis aux diff\u00e9rents intervenants la r\u00e9daction de plans de gestion juridiquement s\u00fbrs et coh\u00e9rents, la chasse de la perdrix grise ne sera pas autoris\u00e9e cet automne 2025. Sa chasse devrait \u00eatre \u00e0 nouveau possible d\u00e8s 2026 dans les territoires membres d\u2019un conseil cyn\u00e9g\u00e9tique disposant d\u2019un plan de [&hellip;]<\/p>\n","protected":false},"author":1,"featured_media":1308,"comment_status":"closed","ping_status":"closed","sticky":false,"template":"","format":"standard","meta":{"ngg_post_thumbnail":0,"ocean_post_layout":"both-sidebars","ocean_both_sidebars_style":"","ocean_both_sidebars_content_width":0,"ocean_both_sidebars_sidebars_width":0,"ocean_sidebar":"","ocean_second_sidebar":"","ocean_disable_margins":"on","ocean_add_body_class":"","ocean_shortcode_before_top_bar":"","ocean_shortcode_after_top_bar":"","ocean_shortcode_before_header":"","ocean_shortcode_after_header":"","ocean_has_shortcode":"","ocean_shortcode_after_title":"","ocean_shortcode_before_footer_widgets":"","ocean_shortcode_after_footer_widgets":"","ocean_shortcode_before_footer_bottom":"","ocean_shortcode_after_footer_bottom":"","ocean_display_top_bar":"default","ocean_display_header":"default","ocean_header_style":"","ocean_center_header_left_menu":"","ocean_custom_header_template":"","ocean_custom_logo":0,"ocean_custom_retina_logo":0,"ocean_custom_logo_max_width":0,"ocean_custom_logo_tablet_max_width":0,"ocean_custom_logo_mobile_max_width":0,"ocean_custom_logo_max_height":0,"ocean_custom_logo_tablet_max_height":0,"ocean_custom_logo_mobile_max_height":0,"ocean_header_custom_menu":"","ocean_menu_typo_font_family":"","ocean_menu_typo_font_subset":"","ocean_menu_typo_font_size":0,"ocean_menu_typo_font_size_tablet":0,"ocean_menu_typo_font_size_mobile":0,"ocean_menu_typo_font_size_unit":"px","ocean_menu_typo_font_weight":"","ocean_menu_typo_font_weight_tablet":"","ocean_menu_typo_font_weight_mobile":"","ocean_menu_typo_transform":"","ocean_menu_typo_transform_tablet":"","ocean_menu_typo_transform_mobile":"","ocean_menu_typo_line_height":0,"ocean_menu_typo_line_height_tablet":0,"ocean_menu_typo_line_height_mobile":0,"ocean_menu_typo_line_height_unit":"","ocean_menu_typo_spacing":0,"ocean_menu_typo_spacing_tablet":0,"ocean_menu_typo_spacing_mobile":0,"ocean_menu_typo_spacing_unit":"","ocean_menu_link_color":"","ocean_menu_link_color_hover":"","ocean_menu_link_color_active":"","ocean_menu_link_background":"","ocean_menu_link_hover_background":"","ocean_menu_link_active_background":"","ocean_menu_social_links_bg":"","ocean_menu_social_hover_links_bg":"","ocean_menu_social_links_color":"","ocean_menu_social_hover_links_color":"","ocean_disable_title":"default","ocean_disable_heading":"default","ocean_post_title":"","ocean_post_subheading":"","ocean_post_title_style":"","ocean_post_title_background_color":"","ocean_post_title_background":0,"ocean_post_title_bg_image_position":"","ocean_post_title_bg_image_attachment":"","ocean_post_title_bg_image_repeat":"","ocean_post_title_bg_image_size":"","ocean_post_title_height":0,"ocean_post_title_bg_overlay":0.5,"ocean_post_title_bg_overlay_color":"","ocean_disable_breadcrumbs":"default","ocean_breadcrumbs_color":"","ocean_breadcrumbs_separator_color":"","ocean_breadcrumbs_links_color":"","ocean_breadcrumbs_links_hover_color":"","ocean_display_footer_widgets":"default","ocean_display_footer_bottom":"default","ocean_custom_footer_template":"","_themeisle_gutenberg_block_has_review":false,"ocean_post_oembed":"","ocean_post_self_hosted_media":"","ocean_post_video_embed":"","ocean_link_format":"","ocean_link_format_target":"self","ocean_quote_format":"","ocean_quote_format_link":"post","ocean_gallery_link_images":"on","ocean_gallery_id":[],"footnotes":""},"categories":[21],"tags":[],"class_list":["post-1309","post","type-post","status-publish","format-standard","has-post-thumbnail","hentry","category-communications","entry","has-media"],"yoast_head":"<!-- This site is optimized with the Yoast SEO plugin v27.0 - https:\/\/yoast.com\/product\/yoast-seo-wordpress\/ -->\n<title>Pas de perdrix cette saison, mais bien l&#039;ann\u00e9e prochaine - UBCR<\/title>\n<meta name=\"robots\" content=\"index, follow, max-snippet:-1, max-image-preview:large, max-video-preview:-1\" \/>\n<link rel=\"canonical\" href=\"https:\/\/ubcr.be\/ubcrubcr\/pas-de-perdrix-cette-saison-mais-bien-lannee-prochaine\/\" \/>\n<meta property=\"og:locale\" content=\"fr_FR\" \/>\n<meta property=\"og:type\" content=\"article\" \/>\n<meta property=\"og:title\" content=\"Pas de perdrix cette saison, mais bien l&#039;ann\u00e9e prochaine - UBCR\" \/>\n<meta property=\"og:description\" content=\"Du fait de d\u00e9lais trop courts n&rsquo;ayant pas permis aux diff\u00e9rents intervenants la r\u00e9daction de plans de gestion juridiquement s\u00fbrs et coh\u00e9rents, la chasse de la perdrix grise ne sera pas autoris\u00e9e cet automne 2025. Sa chasse devrait \u00eatre \u00e0 nouveau possible d\u00e8s 2026 dans les territoires membres d\u2019un conseil cyn\u00e9g\u00e9tique disposant d\u2019un plan de [&hellip;]\" \/>\n<meta property=\"og:url\" content=\"https:\/\/ubcr.be\/ubcrubcr\/pas-de-perdrix-cette-saison-mais-bien-lannee-prochaine\/\" \/>\n<meta property=\"og:site_name\" content=\"UBCR\" \/>\n<meta property=\"article:published_time\" content=\"2025-08-06T18:36:27+00:00\" \/>\n<meta property=\"article:modified_time\" content=\"2025-08-06T19:28:18+00:00\" \/>\n<meta property=\"og:image\" content=\"https:\/\/ubcr.be\/ubcrubcr\/wp-content\/uploads\/2025\/08\/perdrix.jpeg\" \/>\n\t<meta property=\"og:image:width\" content=\"1170\" \/>\n\t<meta property=\"og:image:height\" content=\"600\" \/>\n\t<meta property=\"og:image:type\" content=\"image\/jpeg\" \/>\n<meta name=\"author\" content=\"UBCR\" \/>\n<meta name=\"twitter:card\" content=\"summary_large_image\" \/>\n<meta name=\"twitter:label1\" content=\"\u00c9crit par\" \/>\n\t<meta name=\"twitter:data1\" content=\"UBCR\" \/>\n\t<meta name=\"twitter:label2\" content=\"Dur\u00e9e de lecture estim\u00e9e\" \/>\n\t<meta name=\"twitter:data2\" content=\"2 minutes\" \/>\n<script type=\"application\/ld+json\" class=\"yoast-schema-graph\">{\"@context\":\"https:\/\/schema.org\",\"@graph\":[{\"@type\":\"Article\",\"@id\":\"https:\/\/ubcr.be\/ubcrubcr\/pas-de-perdrix-cette-saison-mais-bien-lannee-prochaine\/#article\",\"isPartOf\":{\"@id\":\"https:\/\/ubcr.be\/ubcrubcr\/pas-de-perdrix-cette-saison-mais-bien-lannee-prochaine\/\"},\"author\":{\"name\":\"UBCR\",\"@id\":\"https:\/\/ubcr.be\/ubcrubcr\/#\/schema\/person\/e2564e0d7b8aa01281ecc8f55d524de3\"},\"headline\":\"Pas de perdrix cette saison, mais bien l&rsquo;ann\u00e9e prochaine\",\"datePublished\":\"2025-08-06T18:36:27+00:00\",\"dateModified\":\"2025-08-06T19:28:18+00:00\",\"mainEntityOfPage\":{\"@id\":\"https:\/\/ubcr.be\/ubcrubcr\/pas-de-perdrix-cette-saison-mais-bien-lannee-prochaine\/\"},\"wordCount\":212,\"publisher\":{\"@id\":\"https:\/\/ubcr.be\/ubcrubcr\/#organization\"},\"image\":{\"@id\":\"https:\/\/ubcr.be\/ubcrubcr\/pas-de-perdrix-cette-saison-mais-bien-lannee-prochaine\/#primaryimage\"},\"thumbnailUrl\":\"https:\/\/ubcr.be\/ubcrubcr\/wp-content\/uploads\/2025\/08\/perdrix.jpeg\",\"articleSection\":[\"Communications\"],\"inLanguage\":\"fr-FR\"},{\"@type\":\"WebPage\",\"@id\":\"https:\/\/ubcr.be\/ubcrubcr\/pas-de-perdrix-cette-saison-mais-bien-lannee-prochaine\/\",\"url\":\"https:\/\/ubcr.be\/ubcrubcr\/pas-de-perdrix-cette-saison-mais-bien-lannee-prochaine\/\",\"name\":\"Pas de perdrix cette saison, mais bien l'ann\u00e9e prochaine - UBCR\",\"isPartOf\":{\"@id\":\"https:\/\/ubcr.be\/ubcrubcr\/#website\"},\"primaryImageOfPage\":{\"@id\":\"https:\/\/ubcr.be\/ubcrubcr\/pas-de-perdrix-cette-saison-mais-bien-lannee-prochaine\/#primaryimage\"},\"image\":{\"@id\":\"https:\/\/ubcr.be\/ubcrubcr\/pas-de-perdrix-cette-saison-mais-bien-lannee-prochaine\/#primaryimage\"},\"thumbnailUrl\":\"https:\/\/ubcr.be\/ubcrubcr\/wp-content\/uploads\/2025\/08\/perdrix.jpeg\",\"datePublished\":\"2025-08-06T18:36:27+00:00\",\"dateModified\":\"2025-08-06T19:28:18+00:00\",\"breadcrumb\":{\"@id\":\"https:\/\/ubcr.be\/ubcrubcr\/pas-de-perdrix-cette-saison-mais-bien-lannee-prochaine\/#breadcrumb\"},\"inLanguage\":\"fr-FR\",\"potentialAction\":[{\"@type\":\"ReadAction\",\"target\":[\"https:\/\/ubcr.be\/ubcrubcr\/pas-de-perdrix-cette-saison-mais-bien-lannee-prochaine\/\"]}]},{\"@type\":\"ImageObject\",\"inLanguage\":\"fr-FR\",\"@id\":\"https:\/\/ubcr.be\/ubcrubcr\/pas-de-perdrix-cette-saison-mais-bien-lannee-prochaine\/#primaryimage\",\"url\":\"https:\/\/ubcr.be\/ubcrubcr\/wp-content\/uploads\/2025\/08\/perdrix.jpeg\",\"contentUrl\":\"https:\/\/ubcr.be\/ubcrubcr\/wp-content\/uploads\/2025\/08\/perdrix.jpeg\",\"width\":1170,\"height\":600},{\"@type\":\"BreadcrumbList\",\"@id\":\"https:\/\/ubcr.be\/ubcrubcr\/pas-de-perdrix-cette-saison-mais-bien-lannee-prochaine\/#breadcrumb\",\"itemListElement\":[{\"@type\":\"ListItem\",\"position\":1,\"name\":\"Accueil\",\"item\":\"https:\/\/ubcr.be\/ubcrubcr\/\"},{\"@type\":\"ListItem\",\"position\":2,\"name\":\"Pas de perdrix cette saison, mais bien l&rsquo;ann\u00e9e prochaine\"}]},{\"@type\":\"WebSite\",\"@id\":\"https:\/\/ubcr.be\/ubcrubcr\/#website\",\"url\":\"https:\/\/ubcr.be\/ubcrubcr\/\",\"name\":\"UBCR\",\"description\":\"Union Belge de la Chasse et de la Ruralit\u00e9\",\"publisher\":{\"@id\":\"https:\/\/ubcr.be\/ubcrubcr\/#organization\"},\"potentialAction\":[{\"@type\":\"SearchAction\",\"target\":{\"@type\":\"EntryPoint\",\"urlTemplate\":\"https:\/\/ubcr.be\/ubcrubcr\/?s={search_term_string}\"},\"query-input\":{\"@type\":\"PropertyValueSpecification\",\"valueRequired\":true,\"valueName\":\"search_term_string\"}}],\"inLanguage\":\"fr-FR\"},{\"@type\":\"Organization\",\"@id\":\"https:\/\/ubcr.be\/ubcrubcr\/#organization\",\"name\":\"Union Belge de la Chasse et de la ruralit\u00e9\",\"url\":\"https:\/\/ubcr.be\/ubcrubcr\/\",\"logo\":{\"@type\":\"ImageObject\",\"inLanguage\":\"fr-FR\",\"@id\":\"https:\/\/ubcr.be\/ubcrubcr\/#\/schema\/logo\/image\/\",\"url\":\"https:\/\/ubcr.be\/ubcrubcr\/wp-content\/uploads\/2023\/10\/Logo-2023-UBCR_Web3.png\",\"contentUrl\":\"https:\/\/ubcr.be\/ubcrubcr\/wp-content\/uploads\/2023\/10\/Logo-2023-UBCR_Web3.png\",\"width\":381,\"height\":139,\"caption\":\"Union Belge de la Chasse et de la ruralit\u00e9\"},\"image\":{\"@id\":\"https:\/\/ubcr.be\/ubcrubcr\/#\/schema\/logo\/image\/\"}},{\"@type\":\"Person\",\"@id\":\"https:\/\/ubcr.be\/ubcrubcr\/#\/schema\/person\/e2564e0d7b8aa01281ecc8f55d524de3\",\"name\":\"UBCR\",\"image\":{\"@type\":\"ImageObject\",\"inLanguage\":\"fr-FR\",\"@id\":\"https:\/\/ubcr.be\/ubcrubcr\/#\/schema\/person\/image\/\",\"url\":\"https:\/\/secure.gravatar.com\/avatar\/6fcd7489cc5ccf661c39a961500084b7c4d5d708f1e89189a30c5f6e12ba733e?s=96&d=mm&r=g\",\"contentUrl\":\"https:\/\/secure.gravatar.com\/avatar\/6fcd7489cc5ccf661c39a961500084b7c4d5d708f1e89189a30c5f6e12ba733e?s=96&d=mm&r=g\",\"caption\":\"UBCR\"},\"sameAs\":[\"http:\/\/ubcr.be\/ubcrubcr\"],\"url\":\"https:\/\/ubcr.be\/ubcrubcr\/author\/ubcrbelubcr\/\"}]}<\/script>\n<!-- \/ Yoast SEO plugin. -->","yoast_head_json":{"title":"Pas de perdrix cette saison, mais bien l'ann\u00e9e prochaine - UBCR","robots":{"index":"index","follow":"follow","max-snippet":"max-snippet:-1","max-image-preview":"max-image-preview:large","max-video-preview":"max-video-preview:-1"},"canonical":"https:\/\/ubcr.be\/ubcrubcr\/pas-de-perdrix-cette-saison-mais-bien-lannee-prochaine\/","og_locale":"fr_FR","og_type":"article","og_title":"Pas de perdrix cette saison, mais bien l'ann\u00e9e prochaine - UBCR","og_description":"Du fait de d\u00e9lais trop courts n&rsquo;ayant pas permis aux diff\u00e9rents intervenants la r\u00e9daction de plans de gestion juridiquement s\u00fbrs et coh\u00e9rents, la chasse de la perdrix grise ne sera pas autoris\u00e9e cet automne 2025. Sa chasse devrait \u00eatre \u00e0 nouveau possible d\u00e8s 2026 dans les territoires membres d\u2019un conseil cyn\u00e9g\u00e9tique disposant d\u2019un plan de [&hellip;]","og_url":"https:\/\/ubcr.be\/ubcrubcr\/pas-de-perdrix-cette-saison-mais-bien-lannee-prochaine\/","og_site_name":"UBCR","article_published_time":"2025-08-06T18:36:27+00:00","article_modified_time":"2025-08-06T19:28:18+00:00","og_image":[{"width":1170,"height":600,"url":"https:\/\/ubcr.be\/ubcrubcr\/wp-content\/uploads\/2025\/08\/perdrix.jpeg","type":"image\/jpeg"}],"author":"UBCR","twitter_card":"summary_large_image","twitter_misc":{"\u00c9crit par":"UBCR","Dur\u00e9e de lecture estim\u00e9e":"2 minutes"},"schema":{"@context":"https:\/\/schema.org","@graph":[{"@type":"Article","@id":"https:\/\/ubcr.be\/ubcrubcr\/pas-de-perdrix-cette-saison-mais-bien-lannee-prochaine\/#article","isPartOf":{"@id":"https:\/\/ubcr.be\/ubcrubcr\/pas-de-perdrix-cette-saison-mais-bien-lannee-prochaine\/"},"author":{"name":"UBCR","@id":"https:\/\/ubcr.be\/ubcrubcr\/#\/schema\/person\/e2564e0d7b8aa01281ecc8f55d524de3"},"headline":"Pas de perdrix cette saison, mais bien l&rsquo;ann\u00e9e prochaine","datePublished":"2025-08-06T18:36:27+00:00","dateModified":"2025-08-06T19:28:18+00:00","mainEntityOfPage":{"@id":"https:\/\/ubcr.be\/ubcrubcr\/pas-de-perdrix-cette-saison-mais-bien-lannee-prochaine\/"},"wordCount":212,"publisher":{"@id":"https:\/\/ubcr.be\/ubcrubcr\/#organization"},"image":{"@id":"https:\/\/ubcr.be\/ubcrubcr\/pas-de-perdrix-cette-saison-mais-bien-lannee-prochaine\/#primaryimage"},"thumbnailUrl":"https:\/\/ubcr.be\/ubcrubcr\/wp-content\/uploads\/2025\/08\/perdrix.jpeg","articleSection":["Communications"],"inLanguage":"fr-FR"},{"@type":"WebPage","@id":"https:\/\/ubcr.be\/ubcrubcr\/pas-de-perdrix-cette-saison-mais-bien-lannee-prochaine\/","url":"https:\/\/ubcr.be\/ubcrubcr\/pas-de-perdrix-cette-saison-mais-bien-lannee-prochaine\/","name":"Pas de perdrix cette saison, mais bien l'ann\u00e9e prochaine - UBCR","isPartOf":{"@id":"https:\/\/ubcr.be\/ubcrubcr\/#website"},"primaryImageOfPage":{"@id":"https:\/\/ubcr.be\/ubcrubcr\/pas-de-perdrix-cette-saison-mais-bien-lannee-prochaine\/#primaryimage"},"image":{"@id":"https:\/\/ubcr.be\/ubcrubcr\/pas-de-perdrix-cette-saison-mais-bien-lannee-prochaine\/#primaryimage"},"thumbnailUrl":"https:\/\/ubcr.be\/ubcrubcr\/wp-content\/uploads\/2025\/08\/perdrix.jpeg","datePublished":"2025-08-06T18:36:27+00:00","dateModified":"2025-08-06T19:28:18+00:00","breadcrumb":{"@id":"https:\/\/ubcr.be\/ubcrubcr\/pas-de-perdrix-cette-saison-mais-bien-lannee-prochaine\/#breadcrumb"},"inLanguage":"fr-FR","potentialAction":[{"@type":"ReadAction","target":["https:\/\/ubcr.be\/ubcrubcr\/pas-de-perdrix-cette-saison-mais-bien-lannee-prochaine\/"]}]},{"@type":"ImageObject","inLanguage":"fr-FR","@id":"https:\/\/ubcr.be\/ubcrubcr\/pas-de-perdrix-cette-saison-mais-bien-lannee-prochaine\/#primaryimage","url":"https:\/\/ubcr.be\/ubcrubcr\/wp-content\/uploads\/2025\/08\/perdrix.jpeg","contentUrl":"https:\/\/ubcr.be\/ubcrubcr\/wp-content\/uploads\/2025\/08\/perdrix.jpeg","width":1170,"height":600},{"@type":"BreadcrumbList","@id":"https:\/\/ubcr.be\/ubcrubcr\/pas-de-perdrix-cette-saison-mais-bien-lannee-prochaine\/#breadcrumb","itemListElement":[{"@type":"ListItem","position":1,"name":"Accueil","item":"https:\/\/ubcr.be\/ubcrubcr\/"},{"@type":"ListItem","position":2,"name":"Pas de perdrix cette saison, mais bien l&rsquo;ann\u00e9e prochaine"}]},{"@type":"WebSite","@id":"https:\/\/ubcr.be\/ubcrubcr\/#website","url":"https:\/\/ubcr.be\/ubcrubcr\/","name":"UBCR","description":"Union Belge de la Chasse et de la Ruralit\u00e9","publisher":{"@id":"https:\/\/ubcr.be\/ubcrubcr\/#organization"},"potentialAction":[{"@type":"SearchAction","target":{"@type":"EntryPoint","urlTemplate":"https:\/\/ubcr.be\/ubcrubcr\/?s={search_term_string}"},"query-input":{"@type":"PropertyValueSpecification","valueRequired":true,"valueName":"search_term_string"}}],"inLanguage":"fr-FR"},{"@type":"Organization","@id":"https:\/\/ubcr.be\/ubcrubcr\/#organization","name":"Union Belge de la Chasse et de la ruralit\u00e9","url":"https:\/\/ubcr.be\/ubcrubcr\/","logo":{"@type":"ImageObject","inLanguage":"fr-FR","@id":"https:\/\/ubcr.be\/ubcrubcr\/#\/schema\/logo\/image\/","url":"https:\/\/ubcr.be\/ubcrubcr\/wp-content\/uploads\/2023\/10\/Logo-2023-UBCR_Web3.png","contentUrl":"https:\/\/ubcr.be\/ubcrubcr\/wp-content\/uploads\/2023\/10\/Logo-2023-UBCR_Web3.png","width":381,"height":139,"caption":"Union Belge de la Chasse et de la ruralit\u00e9"},"image":{"@id":"https:\/\/ubcr.be\/ubcrubcr\/#\/schema\/logo\/image\/"}},{"@type":"Person","@id":"https:\/\/ubcr.be\/ubcrubcr\/#\/schema\/person\/e2564e0d7b8aa01281ecc8f55d524de3","name":"UBCR","image":{"@type":"ImageObject","inLanguage":"fr-FR","@id":"https:\/\/ubcr.be\/ubcrubcr\/#\/schema\/person\/image\/","url":"https:\/\/secure.gravatar.com\/avatar\/6fcd7489cc5ccf661c39a961500084b7c4d5d708f1e89189a30c5f6e12ba733e?s=96&d=mm&r=g","contentUrl":"https:\/\/secure.gravatar.com\/avatar\/6fcd7489cc5ccf661c39a961500084b7c4d5d708f1e89189a30c5f6e12ba733e?s=96&d=mm&r=g","caption":"UBCR"},"sameAs":["http:\/\/ubcr.be\/ubcrubcr"],"url":"https:\/\/ubcr.be\/ubcrubcr\/author\/ubcrbelubcr\/"}]}},"_links":{"self":[{"href":"https:\/\/ubcr.be\/ubcrubcr\/wp-json\/wp\/v2\/posts\/1309","targetHints":{"allow":["GET"]}}],"collection":[{"href":"https:\/\/ubcr.be\/ubcrubcr\/wp-json\/wp\/v2\/posts"}],"about":[{"href":"https:\/\/ubcr.be\/ubcrubcr\/wp-json\/wp\/v2\/types\/post"}],"author":[{"embeddable":true,"href":"https:\/\/ubcr.be\/ubcrubcr\/wp-json\/wp\/v2\/users\/1"}],"replies":[{"embeddable":true,"href":"https:\/\/ubcr.be\/ubcrubcr\/wp-json\/wp\/v2\/comments?post=1309"}],"version-history":[{"count":3,"href":"https:\/\/ubcr.be\/ubcrubcr\/wp-json\/wp\/v2\/posts\/1309\/revisions"}],"predecessor-version":[{"id":1315,"href":"https:\/\/ubcr.be\/ubcrubcr\/wp-json\/wp\/v2\/posts\/1309\/revisions\/1315"}],"wp:featuredmedia":[{"embeddable":true,"href":"https:\/\/ubcr.be\/ubcrubcr\/wp-json\/wp\/v2\/media\/1308"}],"wp:attachment":[{"href":"https:\/\/ubcr.be\/ubcrubcr\/wp-json\/wp\/v2\/media?parent=1309"}],"wp:term":[{"taxonomy":"category","embeddable":true,"href":"https:\/\/ubcr.be\/ubcrubcr\/wp-json\/wp\/v2\/categories?post=1309"},{"taxonomy":"post_tag","embeddable":true,"href":"https:\/\/ubcr.be\/ubcrubcr\/wp-json\/wp\/v2\/tags?post=1309"}],"curies":[{"name":"wp","href":"https:\/\/api.w.org\/{rel}","templated":true}]}}