{"id":1197,"date":"2025-05-03T21:14:02","date_gmt":"2025-05-03T19:14:02","guid":{"rendered":"https:\/\/ubcr.be\/ubcrubcr\/?p=1197"},"modified":"2025-07-04T16:42:38","modified_gmt":"2025-07-04T14:42:38","slug":"une-certaine-vision-de-lecologie","status":"publish","type":"post","link":"https:\/\/ubcr.be\/ubcrubcr\/une-certaine-vision-de-lecologie\/","title":{"rendered":"Une certaine vision de l\u2019\u00e9cologie"},"content":{"rendered":"\n<div class=\"wp-block-columns is-layout-flex wp-container-core-columns-is-layout-9d6595d7 wp-block-columns-is-layout-flex\">\n<div class=\"wp-block-column is-layout-flow wp-block-column-is-layout-flow\" style=\"flex-basis:10%\"><\/div>\n\n\n\n<div class=\"wp-block-column is-layout-flow wp-block-column-is-layout-flow\" style=\"flex-basis:75%\">\n<p class=\"has-medium-font-size\"><strong><strong><em>Par Comit\u00e9 de r\u00e9daction<\/em><\/strong><\/strong><\/p>\n\n\n\n<h2 id=\"wp-block-themeisle-blocks-advanced-heading-267e9a4d\" class=\"wp-block-themeisle-blocks-advanced-heading wp-block-themeisle-blocks-advanced-heading-267e9a4d\"><strong><strong>Une large proportion d\u2019\u00e9cologistes d\u00e9fend une vision na\u00efve de la nature. Beaucoup croient que, pour peu que l\u2019on am\u00e9nage le milieu et que l\u2019on laisse faire la nature, la biodiversit\u00e9 se r\u00e9tablira toute seule.<\/strong><\/strong><\/h2>\n\n\n\n<p>Or, sur le terrain, c\u2019est une h\u00e9r\u00e9sie. On le voit depuis des ann\u00e9es.<\/p>\n<p>Evidemment, la biodiversit\u00e9 diminue \u00e0 cause des impacts des activit\u00e9s humaines et des d\u00e9sordres qu\u2019elles induisent. Mais, croire que pr\u00e9dateurs et proies vont s\u2019\u00e9quilibrer naturellement en fonction des ressources t\u00e9moigne d\u2019une m\u00e9connaissance totale.<\/p>\n<p>L\u2019\u00e9quilibre ne se fera pas tout seul. Les pr\u00e9dateurs ultimes, ceux qui n\u2019ont pas de pr\u00e9dateurs et qui souvent profitent des activit\u00e9s humaines, ces pr\u00e9dateurs d\u00e9truisent toutes les esp\u00e8ces-proies et se r\u00e9gulent par la maladie ou la disette.<br \/>Dans certaines r\u00e9gions d\u2019Afrique (le Parc Tsavo par exemple) les \u00e9l\u00e9phants ont quasi disparu parce qu\u2019ils \u00e9taient en surnombre et ont d\u00e9truit leurs resources alimentaires.<\/p>\n<p>Chez nous, au printemps, fleurissent les panneaux nous demandant d\u2019\u00e9pargner les batraciens qui regagnent leurs marres, mais ces batraciens sont de moins en moins nombreux.<\/p>\n<p>Des causes humaines existent, mais leur diminution est li\u00e9e \u00e0 l\u2019augmentation des pr\u00e9dateurs : h\u00e9rons, aigrettes blanches, ratons laveurs\u2026<\/p>\n<p>La petite faune de plaine est \u00e0 la limite de la survie. Oui les pratiques agricoles leurs sont d\u00e9favorables, mais surtout les corneilles, freux, ratons laveurs guettent le moindre nid de levreaux et de perdreaux, les pies vident les nichoirs, d\u00e9ciment les canetons les faisandeaux.<\/p>\n<p>Ces pr\u00e9dateurs n\u2019ont pas de pr\u00e9dateurs.<\/p>\n<p>Il faut absolument faciliter la r\u00e9gulation raisonn\u00e9e de certains pr\u00e9dateurs, sinon la biodiversit\u00e9 va encore s\u2019appauvrir et le d\u00e9r\u00e8glement climatique aura bon dos.<\/p>\n<p>Je d\u00e9fends avec passion une gestion active de la nature. Le laisser faire est un autre nom de la paresse !<\/p>\n<p>J\u2019aime la nature vivante et pas sauf dans la peinture les natures mortes !<\/p>\n<p>&nbsp;<\/p>\n\n\n\n<div style=\"height:30px\" aria-hidden=\"true\" class=\"wp-block-spacer\"><\/div>\n<\/div>\n\n\n\n<div class=\"wp-block-column is-layout-flow wp-block-column-is-layout-flow\" style=\"flex-basis:10%\"><\/div>\n<\/div>\n","protected":false},"excerpt":{"rendered":"<p>Par Comit\u00e9 de r\u00e9daction Or, sur le terrain, c\u2019est une h\u00e9r\u00e9sie. On le voit depuis des ann\u00e9es. Evidemment, la biodiversit\u00e9 diminue \u00e0 cause des impacts des activit\u00e9s humaines et des d\u00e9sordres qu\u2019elles induisent. Mais, croire que pr\u00e9dateurs et proies vont s\u2019\u00e9quilibrer naturellement en fonction des ressources t\u00e9moigne d\u2019une m\u00e9connaissance totale. L\u2019\u00e9quilibre ne se fera pas [&hellip;]<\/p>\n","protected":false},"author":1,"featured_media":1205,"comment_status":"closed","ping_status":"closed","sticky":false,"template":"","format":"standard","meta":{"ngg_post_thumbnail":0,"ocean_post_layout":"","ocean_both_sidebars_style":"","ocean_both_sidebars_content_width":70,"ocean_both_sidebars_sidebars_width":15,"ocean_sidebar":"","ocean_second_sidebar":"","ocean_disable_margins":"on","ocean_add_body_class":"","ocean_shortcode_before_top_bar":"","ocean_shortcode_after_top_bar":"","ocean_shortcode_before_header":"","ocean_shortcode_after_header":"","ocean_has_shortcode":"","ocean_shortcode_after_title":"","ocean_shortcode_before_footer_widgets":"","ocean_shortcode_after_footer_widgets":"","ocean_shortcode_before_footer_bottom":"","ocean_shortcode_after_footer_bottom":"","ocean_display_top_bar":"default","ocean_display_header":"default","ocean_header_style":"","ocean_center_header_left_menu":"","ocean_custom_header_template":"","ocean_custom_logo":0,"ocean_custom_retina_logo":0,"ocean_custom_logo_max_width":0,"ocean_custom_logo_tablet_max_width":0,"ocean_custom_logo_mobile_max_width":0,"ocean_custom_logo_max_height":0,"ocean_custom_logo_tablet_max_height":0,"ocean_custom_logo_mobile_max_height":0,"ocean_header_custom_menu":"","ocean_menu_typo_font_family":"","ocean_menu_typo_font_subset":"","ocean_menu_typo_font_size":0,"ocean_menu_typo_font_size_tablet":0,"ocean_menu_typo_font_size_mobile":0,"ocean_menu_typo_font_size_unit":"px","ocean_menu_typo_font_weight":"","ocean_menu_typo_font_weight_tablet":"","ocean_menu_typo_font_weight_mobile":"","ocean_menu_typo_transform":"","ocean_menu_typo_transform_tablet":"","ocean_menu_typo_transform_mobile":"","ocean_menu_typo_line_height":0,"ocean_menu_typo_line_height_tablet":0,"ocean_menu_typo_line_height_mobile":0,"ocean_menu_typo_line_height_unit":"","ocean_menu_typo_spacing":0,"ocean_menu_typo_spacing_tablet":0,"ocean_menu_typo_spacing_mobile":0,"ocean_menu_typo_spacing_unit":"","ocean_menu_link_color":"","ocean_menu_link_color_hover":"","ocean_menu_link_color_active":"","ocean_menu_link_background":"","ocean_menu_link_hover_background":"","ocean_menu_link_active_background":"","ocean_menu_social_links_bg":"","ocean_menu_social_hover_links_bg":"","ocean_menu_social_links_color":"","ocean_menu_social_hover_links_color":"","ocean_disable_title":"default","ocean_disable_heading":"default","ocean_post_title":"","ocean_post_subheading":"","ocean_post_title_style":"","ocean_post_title_background_color":"","ocean_post_title_background":0,"ocean_post_title_bg_image_position":"","ocean_post_title_bg_image_attachment":"","ocean_post_title_bg_image_repeat":"","ocean_post_title_bg_image_size":"","ocean_post_title_height":0,"ocean_post_title_bg_overlay":0.5,"ocean_post_title_bg_overlay_color":"","ocean_disable_breadcrumbs":"default","ocean_breadcrumbs_color":"","ocean_breadcrumbs_separator_color":"","ocean_breadcrumbs_links_color":"","ocean_breadcrumbs_links_hover_color":"","ocean_display_footer_widgets":"default","ocean_display_footer_bottom":"default","ocean_custom_footer_template":"","_themeisle_gutenberg_block_has_review":false,"ocean_post_oembed":"","ocean_post_self_hosted_media":"","ocean_post_video_embed":"","ocean_link_format":"","ocean_link_format_target":"self","ocean_quote_format":"","ocean_quote_format_link":"post","ocean_gallery_link_images":"on","ocean_gallery_id":[],"footnotes":""},"categories":[20,8],"tags":[],"class_list":["post-1197","post","type-post","status-publish","format-standard","has-post-thumbnail","hentry","category-le-blog","category-publications","entry","has-media"],"yoast_head":"<!-- This site is optimized with the Yoast SEO plugin v27.0 - https:\/\/yoast.com\/product\/yoast-seo-wordpress\/ -->\n<title>Une certaine vision de l\u2019\u00e9cologie - UBCR<\/title>\n<meta name=\"robots\" content=\"index, follow, max-snippet:-1, max-image-preview:large, max-video-preview:-1\" \/>\n<link rel=\"canonical\" href=\"https:\/\/ubcr.be\/ubcrubcr\/une-certaine-vision-de-lecologie\/\" \/>\n<meta property=\"og:locale\" content=\"fr_FR\" \/>\n<meta property=\"og:type\" content=\"article\" \/>\n<meta property=\"og:title\" content=\"Une certaine vision de l\u2019\u00e9cologie - UBCR\" \/>\n<meta property=\"og:description\" content=\"Par Comit\u00e9 de r\u00e9daction Or, sur le terrain, c\u2019est une h\u00e9r\u00e9sie. On le voit depuis des ann\u00e9es. Evidemment, la biodiversit\u00e9 diminue \u00e0 cause des impacts des activit\u00e9s humaines et des d\u00e9sordres qu\u2019elles induisent. Mais, croire que pr\u00e9dateurs et proies vont s\u2019\u00e9quilibrer naturellement en fonction des ressources t\u00e9moigne d\u2019une m\u00e9connaissance totale. L\u2019\u00e9quilibre ne se fera pas [&hellip;]\" \/>\n<meta property=\"og:url\" content=\"https:\/\/ubcr.be\/ubcrubcr\/une-certaine-vision-de-lecologie\/\" \/>\n<meta property=\"og:site_name\" content=\"UBCR\" \/>\n<meta property=\"article:published_time\" content=\"2025-05-03T19:14:02+00:00\" \/>\n<meta property=\"article:modified_time\" content=\"2025-07-04T14:42:38+00:00\" \/>\n<meta property=\"og:image\" content=\"https:\/\/ubcr.be\/ubcrubcr\/wp-content\/uploads\/2025\/05\/foret.jpg\" \/>\n\t<meta property=\"og:image:width\" content=\"2560\" \/>\n\t<meta property=\"og:image:height\" content=\"1440\" \/>\n\t<meta property=\"og:image:type\" content=\"image\/jpeg\" \/>\n<meta name=\"author\" content=\"UBCR\" \/>\n<meta name=\"twitter:card\" content=\"summary_large_image\" \/>\n<meta name=\"twitter:label1\" content=\"\u00c9crit par\" \/>\n\t<meta name=\"twitter:data1\" content=\"UBCR\" \/>\n\t<meta name=\"twitter:label2\" content=\"Dur\u00e9e de lecture estim\u00e9e\" \/>\n\t<meta name=\"twitter:data2\" content=\"2 minutes\" \/>\n<script type=\"application\/ld+json\" class=\"yoast-schema-graph\">{\"@context\":\"https:\/\/schema.org\",\"@graph\":[{\"@type\":\"Article\",\"@id\":\"https:\/\/ubcr.be\/ubcrubcr\/une-certaine-vision-de-lecologie\/#article\",\"isPartOf\":{\"@id\":\"https:\/\/ubcr.be\/ubcrubcr\/une-certaine-vision-de-lecologie\/\"},\"author\":{\"name\":\"UBCR\",\"@id\":\"https:\/\/ubcr.be\/ubcrubcr\/#\/schema\/person\/e2564e0d7b8aa01281ecc8f55d524de3\"},\"headline\":\"Une certaine vision de l\u2019\u00e9cologie\",\"datePublished\":\"2025-05-03T19:14:02+00:00\",\"dateModified\":\"2025-07-04T14:42:38+00:00\",\"mainEntityOfPage\":{\"@id\":\"https:\/\/ubcr.be\/ubcrubcr\/une-certaine-vision-de-lecologie\/\"},\"wordCount\":353,\"publisher\":{\"@id\":\"https:\/\/ubcr.be\/ubcrubcr\/#organization\"},\"image\":{\"@id\":\"https:\/\/ubcr.be\/ubcrubcr\/une-certaine-vision-de-lecologie\/#primaryimage\"},\"thumbnailUrl\":\"https:\/\/ubcr.be\/ubcrubcr\/wp-content\/uploads\/2025\/05\/foret.jpg\",\"articleSection\":[\"Le Blog\",\"Publications\"],\"inLanguage\":\"fr-FR\"},{\"@type\":\"WebPage\",\"@id\":\"https:\/\/ubcr.be\/ubcrubcr\/une-certaine-vision-de-lecologie\/\",\"url\":\"https:\/\/ubcr.be\/ubcrubcr\/une-certaine-vision-de-lecologie\/\",\"name\":\"Une certaine vision de l\u2019\u00e9cologie - UBCR\",\"isPartOf\":{\"@id\":\"https:\/\/ubcr.be\/ubcrubcr\/#website\"},\"primaryImageOfPage\":{\"@id\":\"https:\/\/ubcr.be\/ubcrubcr\/une-certaine-vision-de-lecologie\/#primaryimage\"},\"image\":{\"@id\":\"https:\/\/ubcr.be\/ubcrubcr\/une-certaine-vision-de-lecologie\/#primaryimage\"},\"thumbnailUrl\":\"https:\/\/ubcr.be\/ubcrubcr\/wp-content\/uploads\/2025\/05\/foret.jpg\",\"datePublished\":\"2025-05-03T19:14:02+00:00\",\"dateModified\":\"2025-07-04T14:42:38+00:00\",\"breadcrumb\":{\"@id\":\"https:\/\/ubcr.be\/ubcrubcr\/une-certaine-vision-de-lecologie\/#breadcrumb\"},\"inLanguage\":\"fr-FR\",\"potentialAction\":[{\"@type\":\"ReadAction\",\"target\":[\"https:\/\/ubcr.be\/ubcrubcr\/une-certaine-vision-de-lecologie\/\"]}]},{\"@type\":\"ImageObject\",\"inLanguage\":\"fr-FR\",\"@id\":\"https:\/\/ubcr.be\/ubcrubcr\/une-certaine-vision-de-lecologie\/#primaryimage\",\"url\":\"https:\/\/ubcr.be\/ubcrubcr\/wp-content\/uploads\/2025\/05\/foret.jpg\",\"contentUrl\":\"https:\/\/ubcr.be\/ubcrubcr\/wp-content\/uploads\/2025\/05\/foret.jpg\",\"width\":2560,\"height\":1440},{\"@type\":\"BreadcrumbList\",\"@id\":\"https:\/\/ubcr.be\/ubcrubcr\/une-certaine-vision-de-lecologie\/#breadcrumb\",\"itemListElement\":[{\"@type\":\"ListItem\",\"position\":1,\"name\":\"Accueil\",\"item\":\"https:\/\/ubcr.be\/ubcrubcr\/\"},{\"@type\":\"ListItem\",\"position\":2,\"name\":\"Une certaine vision de l\u2019\u00e9cologie\"}]},{\"@type\":\"WebSite\",\"@id\":\"https:\/\/ubcr.be\/ubcrubcr\/#website\",\"url\":\"https:\/\/ubcr.be\/ubcrubcr\/\",\"name\":\"UBCR\",\"description\":\"Union Belge de la Chasse et de la Ruralit\u00e9\",\"publisher\":{\"@id\":\"https:\/\/ubcr.be\/ubcrubcr\/#organization\"},\"potentialAction\":[{\"@type\":\"SearchAction\",\"target\":{\"@type\":\"EntryPoint\",\"urlTemplate\":\"https:\/\/ubcr.be\/ubcrubcr\/?s={search_term_string}\"},\"query-input\":{\"@type\":\"PropertyValueSpecification\",\"valueRequired\":true,\"valueName\":\"search_term_string\"}}],\"inLanguage\":\"fr-FR\"},{\"@type\":\"Organization\",\"@id\":\"https:\/\/ubcr.be\/ubcrubcr\/#organization\",\"name\":\"Union Belge de la Chasse et de la ruralit\u00e9\",\"url\":\"https:\/\/ubcr.be\/ubcrubcr\/\",\"logo\":{\"@type\":\"ImageObject\",\"inLanguage\":\"fr-FR\",\"@id\":\"https:\/\/ubcr.be\/ubcrubcr\/#\/schema\/logo\/image\/\",\"url\":\"https:\/\/ubcr.be\/ubcrubcr\/wp-content\/uploads\/2023\/10\/Logo-2023-UBCR_Web3.png\",\"contentUrl\":\"https:\/\/ubcr.be\/ubcrubcr\/wp-content\/uploads\/2023\/10\/Logo-2023-UBCR_Web3.png\",\"width\":381,\"height\":139,\"caption\":\"Union Belge de la Chasse et de la ruralit\u00e9\"},\"image\":{\"@id\":\"https:\/\/ubcr.be\/ubcrubcr\/#\/schema\/logo\/image\/\"}},{\"@type\":\"Person\",\"@id\":\"https:\/\/ubcr.be\/ubcrubcr\/#\/schema\/person\/e2564e0d7b8aa01281ecc8f55d524de3\",\"name\":\"UBCR\",\"image\":{\"@type\":\"ImageObject\",\"inLanguage\":\"fr-FR\",\"@id\":\"https:\/\/ubcr.be\/ubcrubcr\/#\/schema\/person\/image\/\",\"url\":\"https:\/\/secure.gravatar.com\/avatar\/6fcd7489cc5ccf661c39a961500084b7c4d5d708f1e89189a30c5f6e12ba733e?s=96&d=mm&r=g\",\"contentUrl\":\"https:\/\/secure.gravatar.com\/avatar\/6fcd7489cc5ccf661c39a961500084b7c4d5d708f1e89189a30c5f6e12ba733e?s=96&d=mm&r=g\",\"caption\":\"UBCR\"},\"sameAs\":[\"http:\/\/ubcr.be\/ubcrubcr\"],\"url\":\"https:\/\/ubcr.be\/ubcrubcr\/author\/ubcrbelubcr\/\"}]}<\/script>\n<!-- \/ Yoast SEO plugin. -->","yoast_head_json":{"title":"Une certaine vision de l\u2019\u00e9cologie - UBCR","robots":{"index":"index","follow":"follow","max-snippet":"max-snippet:-1","max-image-preview":"max-image-preview:large","max-video-preview":"max-video-preview:-1"},"canonical":"https:\/\/ubcr.be\/ubcrubcr\/une-certaine-vision-de-lecologie\/","og_locale":"fr_FR","og_type":"article","og_title":"Une certaine vision de l\u2019\u00e9cologie - UBCR","og_description":"Par Comit\u00e9 de r\u00e9daction Or, sur le terrain, c\u2019est une h\u00e9r\u00e9sie. On le voit depuis des ann\u00e9es. Evidemment, la biodiversit\u00e9 diminue \u00e0 cause des impacts des activit\u00e9s humaines et des d\u00e9sordres qu\u2019elles induisent. Mais, croire que pr\u00e9dateurs et proies vont s\u2019\u00e9quilibrer naturellement en fonction des ressources t\u00e9moigne d\u2019une m\u00e9connaissance totale. L\u2019\u00e9quilibre ne se fera pas [&hellip;]","og_url":"https:\/\/ubcr.be\/ubcrubcr\/une-certaine-vision-de-lecologie\/","og_site_name":"UBCR","article_published_time":"2025-05-03T19:14:02+00:00","article_modified_time":"2025-07-04T14:42:38+00:00","og_image":[{"width":2560,"height":1440,"url":"https:\/\/ubcr.be\/ubcrubcr\/wp-content\/uploads\/2025\/05\/foret.jpg","type":"image\/jpeg"}],"author":"UBCR","twitter_card":"summary_large_image","twitter_misc":{"\u00c9crit par":"UBCR","Dur\u00e9e de lecture estim\u00e9e":"2 minutes"},"schema":{"@context":"https:\/\/schema.org","@graph":[{"@type":"Article","@id":"https:\/\/ubcr.be\/ubcrubcr\/une-certaine-vision-de-lecologie\/#article","isPartOf":{"@id":"https:\/\/ubcr.be\/ubcrubcr\/une-certaine-vision-de-lecologie\/"},"author":{"name":"UBCR","@id":"https:\/\/ubcr.be\/ubcrubcr\/#\/schema\/person\/e2564e0d7b8aa01281ecc8f55d524de3"},"headline":"Une certaine vision de l\u2019\u00e9cologie","datePublished":"2025-05-03T19:14:02+00:00","dateModified":"2025-07-04T14:42:38+00:00","mainEntityOfPage":{"@id":"https:\/\/ubcr.be\/ubcrubcr\/une-certaine-vision-de-lecologie\/"},"wordCount":353,"publisher":{"@id":"https:\/\/ubcr.be\/ubcrubcr\/#organization"},"image":{"@id":"https:\/\/ubcr.be\/ubcrubcr\/une-certaine-vision-de-lecologie\/#primaryimage"},"thumbnailUrl":"https:\/\/ubcr.be\/ubcrubcr\/wp-content\/uploads\/2025\/05\/foret.jpg","articleSection":["Le Blog","Publications"],"inLanguage":"fr-FR"},{"@type":"WebPage","@id":"https:\/\/ubcr.be\/ubcrubcr\/une-certaine-vision-de-lecologie\/","url":"https:\/\/ubcr.be\/ubcrubcr\/une-certaine-vision-de-lecologie\/","name":"Une certaine vision de l\u2019\u00e9cologie - UBCR","isPartOf":{"@id":"https:\/\/ubcr.be\/ubcrubcr\/#website"},"primaryImageOfPage":{"@id":"https:\/\/ubcr.be\/ubcrubcr\/une-certaine-vision-de-lecologie\/#primaryimage"},"image":{"@id":"https:\/\/ubcr.be\/ubcrubcr\/une-certaine-vision-de-lecologie\/#primaryimage"},"thumbnailUrl":"https:\/\/ubcr.be\/ubcrubcr\/wp-content\/uploads\/2025\/05\/foret.jpg","datePublished":"2025-05-03T19:14:02+00:00","dateModified":"2025-07-04T14:42:38+00:00","breadcrumb":{"@id":"https:\/\/ubcr.be\/ubcrubcr\/une-certaine-vision-de-lecologie\/#breadcrumb"},"inLanguage":"fr-FR","potentialAction":[{"@type":"ReadAction","target":["https:\/\/ubcr.be\/ubcrubcr\/une-certaine-vision-de-lecologie\/"]}]},{"@type":"ImageObject","inLanguage":"fr-FR","@id":"https:\/\/ubcr.be\/ubcrubcr\/une-certaine-vision-de-lecologie\/#primaryimage","url":"https:\/\/ubcr.be\/ubcrubcr\/wp-content\/uploads\/2025\/05\/foret.jpg","contentUrl":"https:\/\/ubcr.be\/ubcrubcr\/wp-content\/uploads\/2025\/05\/foret.jpg","width":2560,"height":1440},{"@type":"BreadcrumbList","@id":"https:\/\/ubcr.be\/ubcrubcr\/une-certaine-vision-de-lecologie\/#breadcrumb","itemListElement":[{"@type":"ListItem","position":1,"name":"Accueil","item":"https:\/\/ubcr.be\/ubcrubcr\/"},{"@type":"ListItem","position":2,"name":"Une certaine vision de l\u2019\u00e9cologie"}]},{"@type":"WebSite","@id":"https:\/\/ubcr.be\/ubcrubcr\/#website","url":"https:\/\/ubcr.be\/ubcrubcr\/","name":"UBCR","description":"Union Belge de la Chasse et de la Ruralit\u00e9","publisher":{"@id":"https:\/\/ubcr.be\/ubcrubcr\/#organization"},"potentialAction":[{"@type":"SearchAction","target":{"@type":"EntryPoint","urlTemplate":"https:\/\/ubcr.be\/ubcrubcr\/?s={search_term_string}"},"query-input":{"@type":"PropertyValueSpecification","valueRequired":true,"valueName":"search_term_string"}}],"inLanguage":"fr-FR"},{"@type":"Organization","@id":"https:\/\/ubcr.be\/ubcrubcr\/#organization","name":"Union Belge de la Chasse et de la ruralit\u00e9","url":"https:\/\/ubcr.be\/ubcrubcr\/","logo":{"@type":"ImageObject","inLanguage":"fr-FR","@id":"https:\/\/ubcr.be\/ubcrubcr\/#\/schema\/logo\/image\/","url":"https:\/\/ubcr.be\/ubcrubcr\/wp-content\/uploads\/2023\/10\/Logo-2023-UBCR_Web3.png","contentUrl":"https:\/\/ubcr.be\/ubcrubcr\/wp-content\/uploads\/2023\/10\/Logo-2023-UBCR_Web3.png","width":381,"height":139,"caption":"Union Belge de la Chasse et de la ruralit\u00e9"},"image":{"@id":"https:\/\/ubcr.be\/ubcrubcr\/#\/schema\/logo\/image\/"}},{"@type":"Person","@id":"https:\/\/ubcr.be\/ubcrubcr\/#\/schema\/person\/e2564e0d7b8aa01281ecc8f55d524de3","name":"UBCR","image":{"@type":"ImageObject","inLanguage":"fr-FR","@id":"https:\/\/ubcr.be\/ubcrubcr\/#\/schema\/person\/image\/","url":"https:\/\/secure.gravatar.com\/avatar\/6fcd7489cc5ccf661c39a961500084b7c4d5d708f1e89189a30c5f6e12ba733e?s=96&d=mm&r=g","contentUrl":"https:\/\/secure.gravatar.com\/avatar\/6fcd7489cc5ccf661c39a961500084b7c4d5d708f1e89189a30c5f6e12ba733e?s=96&d=mm&r=g","caption":"UBCR"},"sameAs":["http:\/\/ubcr.be\/ubcrubcr"],"url":"https:\/\/ubcr.be\/ubcrubcr\/author\/ubcrbelubcr\/"}]}},"_links":{"self":[{"href":"https:\/\/ubcr.be\/ubcrubcr\/wp-json\/wp\/v2\/posts\/1197","targetHints":{"allow":["GET"]}}],"collection":[{"href":"https:\/\/ubcr.be\/ubcrubcr\/wp-json\/wp\/v2\/posts"}],"about":[{"href":"https:\/\/ubcr.be\/ubcrubcr\/wp-json\/wp\/v2\/types\/post"}],"author":[{"embeddable":true,"href":"https:\/\/ubcr.be\/ubcrubcr\/wp-json\/wp\/v2\/users\/1"}],"replies":[{"embeddable":true,"href":"https:\/\/ubcr.be\/ubcrubcr\/wp-json\/wp\/v2\/comments?post=1197"}],"version-history":[{"count":7,"href":"https:\/\/ubcr.be\/ubcrubcr\/wp-json\/wp\/v2\/posts\/1197\/revisions"}],"predecessor-version":[{"id":1283,"href":"https:\/\/ubcr.be\/ubcrubcr\/wp-json\/wp\/v2\/posts\/1197\/revisions\/1283"}],"wp:featuredmedia":[{"embeddable":true,"href":"https:\/\/ubcr.be\/ubcrubcr\/wp-json\/wp\/v2\/media\/1205"}],"wp:attachment":[{"href":"https:\/\/ubcr.be\/ubcrubcr\/wp-json\/wp\/v2\/media?parent=1197"}],"wp:term":[{"taxonomy":"category","embeddable":true,"href":"https:\/\/ubcr.be\/ubcrubcr\/wp-json\/wp\/v2\/categories?post=1197"},{"taxonomy":"post_tag","embeddable":true,"href":"https:\/\/ubcr.be\/ubcrubcr\/wp-json\/wp\/v2\/tags?post=1197"}],"curies":[{"name":"wp","href":"https:\/\/api.w.org\/{rel}","templated":true}]}}