{"id":1188,"date":"2025-05-03T20:47:24","date_gmt":"2025-05-03T18:47:24","guid":{"rendered":"https:\/\/ubcr.be\/ubcrubcr\/?p=1188"},"modified":"2025-07-04T16:17:26","modified_gmt":"2025-07-04T14:17:26","slug":"plan-quinquenal-funfjahresplan","status":"publish","type":"post","link":"https:\/\/ubcr.be\/ubcrubcr\/plan-quinquenal-funfjahresplan\/","title":{"rendered":"Plan quinquenal &#8211; F\u00fcnfjahresplan"},"content":{"rendered":"\n<div class=\"wp-block-columns is-layout-flex wp-container-core-columns-is-layout-9d6595d7 wp-block-columns-is-layout-flex\">\n<div class=\"wp-block-column is-layout-flow wp-block-column-is-layout-flow\" style=\"flex-basis:10%\"><\/div>\n\n\n\n<div class=\"wp-block-column is-layout-flow wp-block-column-is-layout-flow\" style=\"flex-basis:75%\">\n<div id=\"wp-block-themeisle-blocks-advanced-columns-d72bb5ac\" class=\"wp-block-themeisle-blocks-advanced-columns has-1-columns has-desktop-equal-layout has-tablet-equal-layout has-mobile-equal-layout has-vertical-unset\"><div class=\"wp-block-themeisle-blocks-advanced-columns-overlay\"><\/div><div class=\"innerblocks-wrap\">\n<div id=\"wp-block-themeisle-blocks-advanced-column-9d56ce3d\" class=\"wp-block-themeisle-blocks-advanced-column\">\n<p class=\"has-medium-font-size\"><strong><strong><em>Par Comit\u00e9 de r\u00e9daction<\/em><\/strong><\/strong><\/p>\n\n\n\n<p class=\"has-vivid-red-color has-text-color has-link-color wp-elements-f4e3822b8e1faa3f5b82843ce37c468a\"><strong><a href=\"#Allemand\">Auf Deutsch lesen<\/a><\/strong><\/p>\n\n\n\n<h2 id=\"wp-block-themeisle-blocks-advanced-heading-267e9a4d\" class=\"wp-block-themeisle-blocks-advanced-heading wp-block-themeisle-blocks-advanced-heading-267e9a4d\"><strong><strong>Le projet d\u2019arr\u00eat\u00e9 pour le nouveau plan quinquenal d\u2019ouverture de la chasse a \u00e9t\u00e9 pr\u00e9sent\u00e9 en\u00a0premi\u00e8re lecture au Gouvernement wallon ce jeudi 24 avril.\u00a0Il y a peu de changements.<\/strong><\/strong><\/h2>\n\n\n\n<p>La chasse en battue, pour le grand gibier, serait ouverte du 1er octobre au 31 janvier, sauf pour le chevreuil et le grand cerf bois\u00e9 qui seraient, eux, ferm\u00e9s le 31 d\u00e9cembre.<\/p>\n<p><\/p>\n<p style=\"text-align: left;\"> <\/p>\n<p class=\"has-text-align-center\" style=\"text-align: left;\">L&rsquo;aff\u00fbt de printemps, pour le brocard, est propos\u00e9 du 15 avril au 15 mai et l&rsquo;aff\u00fbt d&rsquo;\u00e9t\u00e9 du 15 juillet au 15 ao\u00fbt.&nbsp;<\/p>\n<p style=\"text-align: left;\"> <\/p>\n<p class=\"has-text-align-center\" style=\"text-align: left;\">L&rsquo;aff\u00fbt au cerf resterait ouvert \u00e0 partir du 21 septembre, contrairement \u00e0 l&rsquo;avis du p\u00f4le ruralit\u00e9 qui, vu les changements climatiques et la demande de plusieurs Conseils Cyn\u00e9g\u00e9tiques transfrontaliers, avait propos\u00e9&nbsp;l&rsquo;ouverture au 15 septembre.&nbsp;C&rsquo;est faire fit du changement climatique&nbsp;alors que&nbsp;pour le brocard la date est avanc\u00e9e au 15 avril&nbsp;au lieu du 1er mai.<\/p>\n<p style=\"text-align: left;\"> <\/p>\n<p class=\"has-text-align-center\" style=\"text-align: left;\">Peu de changements pour le petit gibier.<\/p>\n<p style=\"text-align: left;\"> <\/p>\n<p class=\"has-text-align-center\" style=\"text-align: left;\">Pour le canard colvert, l\u2019ouverture serait postpos\u00e9e au 1er septembre afin de respecter la p\u00e9riode de d\u00e9pendance des jeunes dont la Directive Europ\u00e9enne Oiseaux recommande de tenir compte.<\/p>\n<p style=\"text-align: left;\"> <\/p>\n<p class=\"has-text-align-center\" style=\"text-align: left;\">Pour la&nbsp;perdrix grise, qui reste un sujet d\u00e9licat, il y aurait une volont\u00e9 de maintenir l\u2019ouverture de la chasse, mais celle-ci pourrait \u00eatre&nbsp;temporairement suspendue,&nbsp;le temps d\u2019\u00e9tablir un arr\u00eat\u00e9 d\u00e9finissant un plan de gestion.&nbsp;<\/p>\n<p style=\"text-align: left;\"> <\/p>\n<p class=\"has-text-align-center\" style=\"text-align: left;\">L&rsquo;UBCR vous tiendra au courant de l&rsquo;\u00e9volution du dossier.<\/p>\n<p><\/p>\n<p>&nbsp;<\/p>\n\n\n\n<div style=\"height:30px\" aria-hidden=\"true\" class=\"wp-block-spacer\"><\/div>\n\n\n\n<h2 id=\"Allemand\" class=\"wp-block-themeisle-blocks-advanced-heading Allemand\">Der Entwurf des Erlasses f\u00fcr den neuen F\u00fcnfjahresplan betreffend die \u00d6ffnungszeiten der Jagd wurde der wallonischen Regierung am Donnerstag, den 24. April, in erster Lesung vorgelegt.<\/h2>\n\n\n\n<p>Er enth\u00e4lt nur wenige \u00c4nderungen.<\/p>\n<p><\/p>\n<p style=\"text-align: left;\"> <\/p>\n<p class=\"has-text-align-center\" style=\"text-align: left;\">Die Treibjagd auf Hochwild ist vom 1. Oktober bis zum 31. Januar erlaubt.<br>Rehwild und gro\u00dfe geweihte Hirsche sind ab dem 31. Dezember zu.<\/p>\n<p style=\"text-align: left;\"> <\/p>\n<p class=\"has-text-align-center\" style=\"text-align: left;\">Die Fr\u00fchjahrsjagd auf Rehb\u00f6cke wird vom 15. April bis 15. Mai und die Sommerjagd vom 15. Juli bis zum 15. August vorgeschlagen.<\/p>\n<p style=\"text-align: left;\"> <\/p>\n<p class=\"has-text-align-center\" style=\"text-align: left;\">Die Ansitzjagd auf Hirsche w\u00fcrde ab dem 21. September ge\u00f6ffnet bleiben, entgegen des Vorschlags des hohen Jagdrates, der angesichts des Klimawandels und der Forderung mehrerer grenz\u00fcberschreitender Hegeringe, die die \u00d6ffnung am 15. September vorgeschlagen hatten.<br>Damit wird dem Klimawandel Rechnung getragen, w\u00e4hrend f\u00fcr den Rehbock das Datum auf den 15. April statt auf den 1. Mai vorverlegt wird.<\/p>\n<p style=\"text-align: left;\"> <\/p>\n<p class=\"has-text-align-center\" style=\"text-align: left;\">F\u00fcr das Niederwild gab es kaum \u00c4nderungen.<\/p>\n<p style=\"text-align: left;\"> <\/p>\n<p class=\"has-text-align-center\" style=\"text-align: left;\">F\u00fcr die Stockente wurde die Bejagung auf den 1. September verschoben, um die Abh\u00e4ngigkeitsperiode der Jungtiere zu respektieren, wie es die Europ\u00e4ische Vogelschutzrichtlinie empfiehlt.<\/p>\n<p style=\"text-align: left;\"> <\/p>\n<p class=\"has-text-align-center\" style=\"text-align: left;\">F\u00fcr das Rebhuhn, das nach wie vor ein heikles Thema ist, g\u00e4be es die Bereitschaft, die Jagder\u00f6ffnung beizubehalten, aber sie k\u00f6nnte vor\u00fcbergehend ausgesetzt werden, bis ein Erlass zur Festlegung eines Management Plans vorliegt.<\/p>\n<p style=\"text-align: left;\"> <\/p>\n<p class=\"has-text-align-center\" style=\"text-align: left;\">Die UBCR wird Sie \u00fcber die Entwicklungen in dieser Angelegenheit auf dem Laufenden halten.<\/p>\n<p style=\"text-align: left;\"><\/p>\n<p>&nbsp;<\/p>\n<p>&nbsp;<\/p>\n<p>&nbsp;<\/p>\n<p>&nbsp;<\/p>\n<p>&nbsp;<\/p>\n<p>&nbsp;<\/p>\n<p>&nbsp;<\/p>\n<p>&nbsp;<\/p>\n<\/div>\n<\/div><\/div>\n<\/div>\n\n\n\n<div class=\"wp-block-column is-layout-flow wp-block-column-is-layout-flow\" style=\"flex-basis:10%\"><\/div>\n<\/div>\n","protected":false},"excerpt":{"rendered":"","protected":false},"author":1,"featured_media":57,"comment_status":"closed","ping_status":"closed","sticky":false,"template":"","format":"standard","meta":{"ngg_post_thumbnail":0,"ocean_post_layout":"","ocean_both_sidebars_style":"","ocean_both_sidebars_content_width":0,"ocean_both_sidebars_sidebars_width":0,"ocean_sidebar":"","ocean_second_sidebar":"","ocean_disable_margins":"enable","ocean_add_body_class":"","ocean_shortcode_before_top_bar":"","ocean_shortcode_after_top_bar":"","ocean_shortcode_before_header":"","ocean_shortcode_after_header":"","ocean_has_shortcode":"","ocean_shortcode_after_title":"","ocean_shortcode_before_footer_widgets":"","ocean_shortcode_after_footer_widgets":"","ocean_shortcode_before_footer_bottom":"","ocean_shortcode_after_footer_bottom":"","ocean_display_top_bar":"default","ocean_display_header":"default","ocean_header_style":"","ocean_center_header_left_menu":"","ocean_custom_header_template":"","ocean_custom_logo":0,"ocean_custom_retina_logo":0,"ocean_custom_logo_max_width":0,"ocean_custom_logo_tablet_max_width":0,"ocean_custom_logo_mobile_max_width":0,"ocean_custom_logo_max_height":0,"ocean_custom_logo_tablet_max_height":0,"ocean_custom_logo_mobile_max_height":0,"ocean_header_custom_menu":"","ocean_menu_typo_font_family":"","ocean_menu_typo_font_subset":"","ocean_menu_typo_font_size":0,"ocean_menu_typo_font_size_tablet":0,"ocean_menu_typo_font_size_mobile":0,"ocean_menu_typo_font_size_unit":"px","ocean_menu_typo_font_weight":"","ocean_menu_typo_font_weight_tablet":"","ocean_menu_typo_font_weight_mobile":"","ocean_menu_typo_transform":"","ocean_menu_typo_transform_tablet":"","ocean_menu_typo_transform_mobile":"","ocean_menu_typo_line_height":0,"ocean_menu_typo_line_height_tablet":0,"ocean_menu_typo_line_height_mobile":0,"ocean_menu_typo_line_height_unit":"","ocean_menu_typo_spacing":0,"ocean_menu_typo_spacing_tablet":0,"ocean_menu_typo_spacing_mobile":0,"ocean_menu_typo_spacing_unit":"","ocean_menu_link_color":"","ocean_menu_link_color_hover":"","ocean_menu_link_color_active":"","ocean_menu_link_background":"","ocean_menu_link_hover_background":"","ocean_menu_link_active_background":"","ocean_menu_social_links_bg":"","ocean_menu_social_hover_links_bg":"","ocean_menu_social_links_color":"","ocean_menu_social_hover_links_color":"","ocean_disable_title":"default","ocean_disable_heading":"default","ocean_post_title":"","ocean_post_subheading":"","ocean_post_title_style":"","ocean_post_title_background_color":"","ocean_post_title_background":0,"ocean_post_title_bg_image_position":"","ocean_post_title_bg_image_attachment":"","ocean_post_title_bg_image_repeat":"","ocean_post_title_bg_image_size":"","ocean_post_title_height":0,"ocean_post_title_bg_overlay":0.5,"ocean_post_title_bg_overlay_color":"","ocean_disable_breadcrumbs":"default","ocean_breadcrumbs_color":"","ocean_breadcrumbs_separator_color":"","ocean_breadcrumbs_links_color":"","ocean_breadcrumbs_links_hover_color":"","ocean_display_footer_widgets":"default","ocean_display_footer_bottom":"default","ocean_custom_footer_template":"","_themeisle_gutenberg_block_has_review":false,"ocean_post_oembed":"","ocean_post_self_hosted_media":"","ocean_post_video_embed":"","ocean_link_format":"","ocean_link_format_target":"self","ocean_quote_format":"","ocean_quote_format_link":"post","ocean_gallery_link_images":"on","ocean_gallery_id":[],"footnotes":""},"categories":[21],"tags":[],"class_list":["post-1188","post","type-post","status-publish","format-standard","has-post-thumbnail","hentry","category-communications","entry","has-media"],"yoast_head":"<!-- This site is optimized with the Yoast SEO plugin v27.0 - https:\/\/yoast.com\/product\/yoast-seo-wordpress\/ -->\n<title>Plan quinquenal - F\u00fcnfjahresplan - UBCR<\/title>\n<meta name=\"robots\" content=\"index, follow, max-snippet:-1, max-image-preview:large, max-video-preview:-1\" \/>\n<link rel=\"canonical\" href=\"https:\/\/ubcr.be\/ubcrubcr\/plan-quinquenal-funfjahresplan\/\" \/>\n<meta property=\"og:locale\" content=\"fr_FR\" \/>\n<meta property=\"og:type\" content=\"article\" \/>\n<meta property=\"og:title\" content=\"Plan quinquenal - F\u00fcnfjahresplan - UBCR\" \/>\n<meta property=\"og:url\" content=\"https:\/\/ubcr.be\/ubcrubcr\/plan-quinquenal-funfjahresplan\/\" \/>\n<meta property=\"og:site_name\" content=\"UBCR\" \/>\n<meta property=\"article:published_time\" content=\"2025-05-03T18:47:24+00:00\" \/>\n<meta property=\"article:modified_time\" content=\"2025-07-04T14:17:26+00:00\" \/>\n<meta property=\"og:image\" content=\"https:\/\/ubcr.be\/ubcrubcr\/wp-content\/uploads\/2023\/09\/Favicon.png\" \/>\n\t<meta property=\"og:image:width\" content=\"512\" \/>\n\t<meta property=\"og:image:height\" content=\"512\" \/>\n\t<meta property=\"og:image:type\" content=\"image\/png\" \/>\n<meta name=\"author\" content=\"UBCR\" \/>\n<meta name=\"twitter:card\" content=\"summary_large_image\" \/>\n<meta name=\"twitter:label1\" content=\"\u00c9crit par\" \/>\n\t<meta name=\"twitter:data1\" content=\"UBCR\" \/>\n\t<meta name=\"twitter:label2\" content=\"Dur\u00e9e de lecture estim\u00e9e\" \/>\n\t<meta name=\"twitter:data2\" content=\"3 minutes\" \/>\n<script type=\"application\/ld+json\" class=\"yoast-schema-graph\">{\"@context\":\"https:\/\/schema.org\",\"@graph\":[{\"@type\":\"Article\",\"@id\":\"https:\/\/ubcr.be\/ubcrubcr\/plan-quinquenal-funfjahresplan\/#article\",\"isPartOf\":{\"@id\":\"https:\/\/ubcr.be\/ubcrubcr\/plan-quinquenal-funfjahresplan\/\"},\"author\":{\"name\":\"UBCR\",\"@id\":\"https:\/\/ubcr.be\/ubcrubcr\/#\/schema\/person\/e2564e0d7b8aa01281ecc8f55d524de3\"},\"headline\":\"Plan quinquenal &#8211; F\u00fcnfjahresplan\",\"datePublished\":\"2025-05-03T18:47:24+00:00\",\"dateModified\":\"2025-07-04T14:17:26+00:00\",\"mainEntityOfPage\":{\"@id\":\"https:\/\/ubcr.be\/ubcrubcr\/plan-quinquenal-funfjahresplan\/\"},\"wordCount\":498,\"publisher\":{\"@id\":\"https:\/\/ubcr.be\/ubcrubcr\/#organization\"},\"image\":{\"@id\":\"https:\/\/ubcr.be\/ubcrubcr\/plan-quinquenal-funfjahresplan\/#primaryimage\"},\"thumbnailUrl\":\"https:\/\/ubcr.be\/ubcrubcr\/wp-content\/uploads\/2023\/09\/Favicon.png\",\"articleSection\":[\"Communications\"],\"inLanguage\":\"fr-FR\"},{\"@type\":\"WebPage\",\"@id\":\"https:\/\/ubcr.be\/ubcrubcr\/plan-quinquenal-funfjahresplan\/\",\"url\":\"https:\/\/ubcr.be\/ubcrubcr\/plan-quinquenal-funfjahresplan\/\",\"name\":\"Plan quinquenal - F\u00fcnfjahresplan - UBCR\",\"isPartOf\":{\"@id\":\"https:\/\/ubcr.be\/ubcrubcr\/#website\"},\"primaryImageOfPage\":{\"@id\":\"https:\/\/ubcr.be\/ubcrubcr\/plan-quinquenal-funfjahresplan\/#primaryimage\"},\"image\":{\"@id\":\"https:\/\/ubcr.be\/ubcrubcr\/plan-quinquenal-funfjahresplan\/#primaryimage\"},\"thumbnailUrl\":\"https:\/\/ubcr.be\/ubcrubcr\/wp-content\/uploads\/2023\/09\/Favicon.png\",\"datePublished\":\"2025-05-03T18:47:24+00:00\",\"dateModified\":\"2025-07-04T14:17:26+00:00\",\"breadcrumb\":{\"@id\":\"https:\/\/ubcr.be\/ubcrubcr\/plan-quinquenal-funfjahresplan\/#breadcrumb\"},\"inLanguage\":\"fr-FR\",\"potentialAction\":[{\"@type\":\"ReadAction\",\"target\":[\"https:\/\/ubcr.be\/ubcrubcr\/plan-quinquenal-funfjahresplan\/\"]}]},{\"@type\":\"ImageObject\",\"inLanguage\":\"fr-FR\",\"@id\":\"https:\/\/ubcr.be\/ubcrubcr\/plan-quinquenal-funfjahresplan\/#primaryimage\",\"url\":\"https:\/\/ubcr.be\/ubcrubcr\/wp-content\/uploads\/2023\/09\/Favicon.png\",\"contentUrl\":\"https:\/\/ubcr.be\/ubcrubcr\/wp-content\/uploads\/2023\/09\/Favicon.png\",\"width\":512,\"height\":512},{\"@type\":\"BreadcrumbList\",\"@id\":\"https:\/\/ubcr.be\/ubcrubcr\/plan-quinquenal-funfjahresplan\/#breadcrumb\",\"itemListElement\":[{\"@type\":\"ListItem\",\"position\":1,\"name\":\"Accueil\",\"item\":\"https:\/\/ubcr.be\/ubcrubcr\/\"},{\"@type\":\"ListItem\",\"position\":2,\"name\":\"Plan quinquenal &#8211; F\u00fcnfjahresplan\"}]},{\"@type\":\"WebSite\",\"@id\":\"https:\/\/ubcr.be\/ubcrubcr\/#website\",\"url\":\"https:\/\/ubcr.be\/ubcrubcr\/\",\"name\":\"UBCR\",\"description\":\"Union Belge de la Chasse et de la Ruralit\u00e9\",\"publisher\":{\"@id\":\"https:\/\/ubcr.be\/ubcrubcr\/#organization\"},\"potentialAction\":[{\"@type\":\"SearchAction\",\"target\":{\"@type\":\"EntryPoint\",\"urlTemplate\":\"https:\/\/ubcr.be\/ubcrubcr\/?s={search_term_string}\"},\"query-input\":{\"@type\":\"PropertyValueSpecification\",\"valueRequired\":true,\"valueName\":\"search_term_string\"}}],\"inLanguage\":\"fr-FR\"},{\"@type\":\"Organization\",\"@id\":\"https:\/\/ubcr.be\/ubcrubcr\/#organization\",\"name\":\"Union Belge de la Chasse et de la ruralit\u00e9\",\"url\":\"https:\/\/ubcr.be\/ubcrubcr\/\",\"logo\":{\"@type\":\"ImageObject\",\"inLanguage\":\"fr-FR\",\"@id\":\"https:\/\/ubcr.be\/ubcrubcr\/#\/schema\/logo\/image\/\",\"url\":\"https:\/\/ubcr.be\/ubcrubcr\/wp-content\/uploads\/2023\/10\/Logo-2023-UBCR_Web3.png\",\"contentUrl\":\"https:\/\/ubcr.be\/ubcrubcr\/wp-content\/uploads\/2023\/10\/Logo-2023-UBCR_Web3.png\",\"width\":381,\"height\":139,\"caption\":\"Union Belge de la Chasse et de la ruralit\u00e9\"},\"image\":{\"@id\":\"https:\/\/ubcr.be\/ubcrubcr\/#\/schema\/logo\/image\/\"}},{\"@type\":\"Person\",\"@id\":\"https:\/\/ubcr.be\/ubcrubcr\/#\/schema\/person\/e2564e0d7b8aa01281ecc8f55d524de3\",\"name\":\"UBCR\",\"image\":{\"@type\":\"ImageObject\",\"inLanguage\":\"fr-FR\",\"@id\":\"https:\/\/ubcr.be\/ubcrubcr\/#\/schema\/person\/image\/\",\"url\":\"https:\/\/secure.gravatar.com\/avatar\/6fcd7489cc5ccf661c39a961500084b7c4d5d708f1e89189a30c5f6e12ba733e?s=96&d=mm&r=g\",\"contentUrl\":\"https:\/\/secure.gravatar.com\/avatar\/6fcd7489cc5ccf661c39a961500084b7c4d5d708f1e89189a30c5f6e12ba733e?s=96&d=mm&r=g\",\"caption\":\"UBCR\"},\"sameAs\":[\"http:\/\/ubcr.be\/ubcrubcr\"],\"url\":\"https:\/\/ubcr.be\/ubcrubcr\/author\/ubcrbelubcr\/\"}]}<\/script>\n<!-- \/ Yoast SEO plugin. -->","yoast_head_json":{"title":"Plan quinquenal - F\u00fcnfjahresplan - UBCR","robots":{"index":"index","follow":"follow","max-snippet":"max-snippet:-1","max-image-preview":"max-image-preview:large","max-video-preview":"max-video-preview:-1"},"canonical":"https:\/\/ubcr.be\/ubcrubcr\/plan-quinquenal-funfjahresplan\/","og_locale":"fr_FR","og_type":"article","og_title":"Plan quinquenal - F\u00fcnfjahresplan - UBCR","og_url":"https:\/\/ubcr.be\/ubcrubcr\/plan-quinquenal-funfjahresplan\/","og_site_name":"UBCR","article_published_time":"2025-05-03T18:47:24+00:00","article_modified_time":"2025-07-04T14:17:26+00:00","og_image":[{"width":512,"height":512,"url":"https:\/\/ubcr.be\/ubcrubcr\/wp-content\/uploads\/2023\/09\/Favicon.png","type":"image\/png"}],"author":"UBCR","twitter_card":"summary_large_image","twitter_misc":{"\u00c9crit par":"UBCR","Dur\u00e9e de lecture estim\u00e9e":"3 minutes"},"schema":{"@context":"https:\/\/schema.org","@graph":[{"@type":"Article","@id":"https:\/\/ubcr.be\/ubcrubcr\/plan-quinquenal-funfjahresplan\/#article","isPartOf":{"@id":"https:\/\/ubcr.be\/ubcrubcr\/plan-quinquenal-funfjahresplan\/"},"author":{"name":"UBCR","@id":"https:\/\/ubcr.be\/ubcrubcr\/#\/schema\/person\/e2564e0d7b8aa01281ecc8f55d524de3"},"headline":"Plan quinquenal &#8211; F\u00fcnfjahresplan","datePublished":"2025-05-03T18:47:24+00:00","dateModified":"2025-07-04T14:17:26+00:00","mainEntityOfPage":{"@id":"https:\/\/ubcr.be\/ubcrubcr\/plan-quinquenal-funfjahresplan\/"},"wordCount":498,"publisher":{"@id":"https:\/\/ubcr.be\/ubcrubcr\/#organization"},"image":{"@id":"https:\/\/ubcr.be\/ubcrubcr\/plan-quinquenal-funfjahresplan\/#primaryimage"},"thumbnailUrl":"https:\/\/ubcr.be\/ubcrubcr\/wp-content\/uploads\/2023\/09\/Favicon.png","articleSection":["Communications"],"inLanguage":"fr-FR"},{"@type":"WebPage","@id":"https:\/\/ubcr.be\/ubcrubcr\/plan-quinquenal-funfjahresplan\/","url":"https:\/\/ubcr.be\/ubcrubcr\/plan-quinquenal-funfjahresplan\/","name":"Plan quinquenal - F\u00fcnfjahresplan - UBCR","isPartOf":{"@id":"https:\/\/ubcr.be\/ubcrubcr\/#website"},"primaryImageOfPage":{"@id":"https:\/\/ubcr.be\/ubcrubcr\/plan-quinquenal-funfjahresplan\/#primaryimage"},"image":{"@id":"https:\/\/ubcr.be\/ubcrubcr\/plan-quinquenal-funfjahresplan\/#primaryimage"},"thumbnailUrl":"https:\/\/ubcr.be\/ubcrubcr\/wp-content\/uploads\/2023\/09\/Favicon.png","datePublished":"2025-05-03T18:47:24+00:00","dateModified":"2025-07-04T14:17:26+00:00","breadcrumb":{"@id":"https:\/\/ubcr.be\/ubcrubcr\/plan-quinquenal-funfjahresplan\/#breadcrumb"},"inLanguage":"fr-FR","potentialAction":[{"@type":"ReadAction","target":["https:\/\/ubcr.be\/ubcrubcr\/plan-quinquenal-funfjahresplan\/"]}]},{"@type":"ImageObject","inLanguage":"fr-FR","@id":"https:\/\/ubcr.be\/ubcrubcr\/plan-quinquenal-funfjahresplan\/#primaryimage","url":"https:\/\/ubcr.be\/ubcrubcr\/wp-content\/uploads\/2023\/09\/Favicon.png","contentUrl":"https:\/\/ubcr.be\/ubcrubcr\/wp-content\/uploads\/2023\/09\/Favicon.png","width":512,"height":512},{"@type":"BreadcrumbList","@id":"https:\/\/ubcr.be\/ubcrubcr\/plan-quinquenal-funfjahresplan\/#breadcrumb","itemListElement":[{"@type":"ListItem","position":1,"name":"Accueil","item":"https:\/\/ubcr.be\/ubcrubcr\/"},{"@type":"ListItem","position":2,"name":"Plan quinquenal &#8211; F\u00fcnfjahresplan"}]},{"@type":"WebSite","@id":"https:\/\/ubcr.be\/ubcrubcr\/#website","url":"https:\/\/ubcr.be\/ubcrubcr\/","name":"UBCR","description":"Union Belge de la Chasse et de la Ruralit\u00e9","publisher":{"@id":"https:\/\/ubcr.be\/ubcrubcr\/#organization"},"potentialAction":[{"@type":"SearchAction","target":{"@type":"EntryPoint","urlTemplate":"https:\/\/ubcr.be\/ubcrubcr\/?s={search_term_string}"},"query-input":{"@type":"PropertyValueSpecification","valueRequired":true,"valueName":"search_term_string"}}],"inLanguage":"fr-FR"},{"@type":"Organization","@id":"https:\/\/ubcr.be\/ubcrubcr\/#organization","name":"Union Belge de la Chasse et de la ruralit\u00e9","url":"https:\/\/ubcr.be\/ubcrubcr\/","logo":{"@type":"ImageObject","inLanguage":"fr-FR","@id":"https:\/\/ubcr.be\/ubcrubcr\/#\/schema\/logo\/image\/","url":"https:\/\/ubcr.be\/ubcrubcr\/wp-content\/uploads\/2023\/10\/Logo-2023-UBCR_Web3.png","contentUrl":"https:\/\/ubcr.be\/ubcrubcr\/wp-content\/uploads\/2023\/10\/Logo-2023-UBCR_Web3.png","width":381,"height":139,"caption":"Union Belge de la Chasse et de la ruralit\u00e9"},"image":{"@id":"https:\/\/ubcr.be\/ubcrubcr\/#\/schema\/logo\/image\/"}},{"@type":"Person","@id":"https:\/\/ubcr.be\/ubcrubcr\/#\/schema\/person\/e2564e0d7b8aa01281ecc8f55d524de3","name":"UBCR","image":{"@type":"ImageObject","inLanguage":"fr-FR","@id":"https:\/\/ubcr.be\/ubcrubcr\/#\/schema\/person\/image\/","url":"https:\/\/secure.gravatar.com\/avatar\/6fcd7489cc5ccf661c39a961500084b7c4d5d708f1e89189a30c5f6e12ba733e?s=96&d=mm&r=g","contentUrl":"https:\/\/secure.gravatar.com\/avatar\/6fcd7489cc5ccf661c39a961500084b7c4d5d708f1e89189a30c5f6e12ba733e?s=96&d=mm&r=g","caption":"UBCR"},"sameAs":["http:\/\/ubcr.be\/ubcrubcr"],"url":"https:\/\/ubcr.be\/ubcrubcr\/author\/ubcrbelubcr\/"}]}},"_links":{"self":[{"href":"https:\/\/ubcr.be\/ubcrubcr\/wp-json\/wp\/v2\/posts\/1188","targetHints":{"allow":["GET"]}}],"collection":[{"href":"https:\/\/ubcr.be\/ubcrubcr\/wp-json\/wp\/v2\/posts"}],"about":[{"href":"https:\/\/ubcr.be\/ubcrubcr\/wp-json\/wp\/v2\/types\/post"}],"author":[{"embeddable":true,"href":"https:\/\/ubcr.be\/ubcrubcr\/wp-json\/wp\/v2\/users\/1"}],"replies":[{"embeddable":true,"href":"https:\/\/ubcr.be\/ubcrubcr\/wp-json\/wp\/v2\/comments?post=1188"}],"version-history":[{"count":5,"href":"https:\/\/ubcr.be\/ubcrubcr\/wp-json\/wp\/v2\/posts\/1188\/revisions"}],"predecessor-version":[{"id":1271,"href":"https:\/\/ubcr.be\/ubcrubcr\/wp-json\/wp\/v2\/posts\/1188\/revisions\/1271"}],"wp:featuredmedia":[{"embeddable":true,"href":"https:\/\/ubcr.be\/ubcrubcr\/wp-json\/wp\/v2\/media\/57"}],"wp:attachment":[{"href":"https:\/\/ubcr.be\/ubcrubcr\/wp-json\/wp\/v2\/media?parent=1188"}],"wp:term":[{"taxonomy":"category","embeddable":true,"href":"https:\/\/ubcr.be\/ubcrubcr\/wp-json\/wp\/v2\/categories?post=1188"},{"taxonomy":"post_tag","embeddable":true,"href":"https:\/\/ubcr.be\/ubcrubcr\/wp-json\/wp\/v2\/tags?post=1188"}],"curies":[{"name":"wp","href":"https:\/\/api.w.org\/{rel}","templated":true}]}}