{"id":1102,"date":"2024-09-06T17:35:49","date_gmt":"2024-09-06T15:35:49","guid":{"rendered":"https:\/\/ubcr.be\/ubcrubcr\/?p=1102"},"modified":"2024-09-06T17:36:11","modified_gmt":"2024-09-06T15:36:11","slug":"perdrix-grise-une-etude-genetique-est-lancee-en-wallonie-appel-a-contribution","status":"publish","type":"post","link":"https:\/\/ubcr.be\/ubcrubcr\/perdrix-grise-une-etude-genetique-est-lancee-en-wallonie-appel-a-contribution\/","title":{"rendered":"Perdrix grise\u00a0: une \u00e9tude g\u00e9n\u00e9tique est lanc\u00e9e en Wallonie. Appel \u00e0 contribution\u00a0!"},"content":{"rendered":"\n<p><\/p>\n\n\n\n<div class=\"wp-block-columns is-layout-flex wp-container-core-columns-is-layout-9d6595d7 wp-block-columns-is-layout-flex\">\n<div class=\"wp-block-column is-layout-flow wp-block-column-is-layout-flow\" style=\"flex-basis:10%\"><\/div>\n\n\n\n<div class=\"wp-block-column is-layout-flow wp-block-column-is-layout-flow\" style=\"flex-basis:75%\">\n<div id=\"wp-block-themeisle-blocks-advanced-columns-d72bb5ac\" class=\"wp-block-themeisle-blocks-advanced-columns has-1-columns has-desktop-equal-layout has-tablet-equal-layout has-mobile-equal-layout has-vertical-unset\"><div class=\"wp-block-themeisle-blocks-advanced-columns-overlay\"><\/div><div class=\"innerblocks-wrap\">\n<div id=\"wp-block-themeisle-blocks-advanced-column-9d56ce3d\" class=\"wp-block-themeisle-blocks-advanced-column\">\n<h5><em>Par A. <\/em>Licoppe (SPW-ARNE, DEMNA) et J. Widar (SPW-ARNE, DNF)<\/h5>\n<hr>\n<p><strong><img loading=\"lazy\" decoding=\"async\" style=\"float: left; margin-right: 5px; width: 300px; max-width: 50%;\" src=\"https:\/\/ubcr.be\/ubcrubcr\/wp-content\/uploads\/2024\/09\/Perdrix-Grise.jpg\" alt=\"\" width=\"300\" height=\"200\"><\/strong><\/p>\n<p>Points-cl\u00e9s&nbsp;:<\/p>\n<ul>\n<li>La situation de la perdrix est particuli\u00e8rement d\u00e9favorable<\/li>\n<li>Les plans de gestion sont une premi\u00e8re r\u00e9ponse pour endiguer son d\u00e9clin<\/li>\n<li>Pour mieux pr\u00e9server les souches sauvages, une \u00e9tude g\u00e9n\u00e9tique est indispensable<\/li>\n<li>Cette \u00e9tude n\u00e9cessite des \u00e9chantillons de perdrix chass\u00e9es (1 doigt et 1 plume)<\/li>\n<li>Que votre territoire ait fait l\u2019objet de l\u00e2chers ou non importe peu<\/li>\n<li>Vous pensez pouvoir fournir au moins un \u00e9chantillon&nbsp;? Manifestez-vous aupr\u00e8s de J\u00e9r\u00f4me WIDAR (T\u00e9l. 081\/33 51 99, mail&nbsp;: widar<a href=\"mailto:Manuel.detillesse@spw.wallonie.be\">@spw.wallonie.be<\/a>)<\/li>\n<\/ul>\n<p>La perdrix grise est \u00ab&nbsp;confront\u00e9e \u00e0 un risque tr\u00e8s \u00e9lev\u00e9 d\u2019extinction \u00e0 l\u2019\u00e9tat sauvage&nbsp;\u00bb. Ce sont les termes officiels qui s\u2019appliquent aux esp\u00e8ces class\u00e9es dans la cat\u00e9gorie \u00ab&nbsp;En danger&nbsp;\u00bb de la Liste Rouge de l\u2019<em>Union internationale pour la conservation de la nature<\/em>.<\/p>\n<p>\u00ab&nbsp;La chasse est la cause du d\u00e9clin de la perdrix&nbsp;!&nbsp;\u00bb C\u2019est une id\u00e9e r\u00e9pandue chez les non-chasseurs. Et on doit admettre qu\u2019il n\u2019est g\u00e9n\u00e9ralement pas recommand\u00e9 de soumettre \u00e0 la chasse une esp\u00e8ce en difficult\u00e9, m\u00eame si la chasse n\u2019est pas la cause de son mauvais \u00e9tat de conservation. La chasse peut ind\u00e9niablement constituer une cause aggravante&nbsp;: m\u00eame des pr\u00e9l\u00e8vements tr\u00e8s faibles peuvent contribuer \u00e0 augmenter le risque d\u2019extinction de populations locales.<\/p>\n<p>\u00ab&nbsp;La chasse est une valeur ajout\u00e9e pour la perdrix&nbsp;!&nbsp;\u00bb C\u2019est une autre id\u00e9e, r\u00e9pandue chez les chasseurs quant \u00e0 elle. Il est vrai que par l\u2019int\u00e9r\u00eat port\u00e9 \u00e0 l\u2019esp\u00e8ce, des chasseurs peuvent contribuer \u00e0 l\u2019objectif de remettre les populations dans un \u00e9tat de conservation favorable. Leur motivation pour accroitre la qualit\u00e9 de l\u2019habitat et pour r\u00e9guler les pr\u00e9dateurs peut \u00eatre d\u00e9terminante. Bien encadr\u00e9e, la chasse durable \u00e0 la perdrix est tout sauf impossible.<\/p>\n<p>Les uns et les autres n\u2019ont pas tout \u00e0 fait tort, ni tout \u00e0 fait raison.<\/p>\n<h3><span style=\"color: #ea631b;\">Plan de gestion<\/span><\/h3>\n<p>La Wallonie a d\u00e9cid\u00e9 en 2020<a href=\"#_ftn1\" name=\"_ftnref1\">[1]<\/a> d\u2019accorder sa confiance aux chasseurs, tout en leur demandant de rendre des comptes sur leur contribution en faveur de la perdrix. C\u2019est l\u2019objet du \u00ab&nbsp;plan de gestion&nbsp;\u00bb impos\u00e9 \u00e0 tous ceux qui souhaitent chasser la perdrix.<\/p>\n<p>Les premi\u00e8res donn\u00e9es transmises par les chasseurs en 2022 ont \u00e9t\u00e9 analys\u00e9es par le SPW-ARNE. On constate certaines avanc\u00e9es, mais \u00e9galement des lacunes. Trois propositions ont \u00e9t\u00e9 faites pour am\u00e9liorer le syst\u00e8me&nbsp;:<\/p>\n<ol>\n<li>obtenir des donn\u00e9es de qualit\u00e9, en particulier sur les populations au printemps (les r\u00e9sultats font l\u2019objet d\u2019un article s\u00e9par\u00e9)&nbsp;;<\/li>\n<li>limiter les risques li\u00e9s aux repeuplements, en particulier sur le volet g\u00e9n\u00e9tique (les objectifs sont d\u00e9velopp\u00e9s ci-dessous)&nbsp;;<\/li>\n<li>optimiser les conditions autorisant la chasse.<\/li>\n<\/ol>\n<p>Pour r\u00e9pondre aux deux premiers points, les monitorings suivants ont \u00e9t\u00e9 entrepris&nbsp;:<\/p>\n<ul>\n<li>organiser des comptages de perdrix au printemps ;&nbsp;<\/li>\n<li>r\u00e9aliser une \u00e9tude sur la g\u00e9n\u00e9tique des perdrix en Wallonie.<\/li>\n<\/ul>\n<p>Le syst\u00e8me du plan de gestion mis en place reste en effet fragile. Il n\u2019est viable que si l\u2019on se donne les moyens de s\u2019assurer que la pratique de la chasse respecte \u00ab&nbsp;les principes d\u2019une utilisation raisonn\u00e9e&nbsp;\u00bb selon les dispositions de la Directive europ\u00e9enne \u00ab&nbsp;Oiseaux&nbsp;\u00bb<a href=\"#_ftn1\" name=\"_ftnref1\">[1]<\/a>. C\u2019est le moment pour les chasseurs de prouver, en toute transparence, qu\u2019ils s\u2019impliquent activement en faveur de la perdrix et que la chasse peut \u00eatre une valeur ajout\u00e9e pour l\u2019esp\u00e8ce.<\/p>\n<h3><span style=\"color: #ea631b;\">Repeuplements et risques g\u00e9n\u00e9tiques<\/span><\/h3>\n<p>Avec les l\u00e2chers de repeuplement, l\u2019objectif premier est de d\u00e9velopper une souche sauvage, en g\u00e9n\u00e9ral au d\u00e9part d\u2019animaux d\u2019\u00e9levage, qui se reproduira sur le territoire. Ils concernent les territoires dont la population naturelle est trop basse pour se reconstituer par elle-m\u00eame.<\/p>\n<p>Le repeuplement en perdrix est autoris\u00e9 pour autant que toutes les pr\u00e9cautions soient prises pour \u00e9viter les impacts n\u00e9gatifs des oiseaux l\u00e2ch\u00e9s sur les populations sauvages, sur les plans sanitaire et g\u00e9n\u00e9tique.<\/p>\n<p>Un pr\u00e9alable pour atteindre cet objectif est de conna\u00eetre les populations locales sur le plan g\u00e9n\u00e9tique, au risque de faire pire que mieux en repeuplant. En effet, les l\u00e2chers se pratiquent commun\u00e9ment avec des individus qui ont des caract\u00e9ristiques plus ou moins \u00e9loign\u00e9es de celles des individus sauvages. Ces individus peuvent diff\u00e9rer aux niveaux physiologique, anatomique, g\u00e9n\u00e9tique ou comportemental. Les diff\u00e9rences peuvent impacter n\u00e9gativement les populations sauvages de ces esp\u00e8ces. C\u2019est donc \u00e0 \u00e9viter \u00e0 tout prix.<\/p>\n<h5><span style=\"color: #ea631b;\">Le premier risque est l\u2019hybridation<\/span><\/h5>\n<p>Le croisement avec d\u2019autres esp\u00e8ces de la famille des phasianid\u00e9s (dont la perdrix fait partie) est possible et observ\u00e9, tant en captivit\u00e9 que dans la nature, mais reste rare. La pr\u00e9occupation concerne davantage les cas d\u2019introgression de g\u00eanes de populations de perdrix d\u2019\u00e9levage dans les populations sauvages. On parle d\u2019hybridation <em>intrasp\u00e9cifique<\/em>.&nbsp;<\/p>\n<p>En cas de repeuplement, il est primordial de s\u2019assurer que les oiseaux qu\u2019il est envisag\u00e9 de l\u00e2cher proviennent bien des souches les plus proches possible de notre souche sauvage<a href=\"#_ftn2\" name=\"_ftnref2\">[2]<\/a>. Introduire des oiseaux d\u2019autres souches pourrait entra\u00eener des risques g\u00e9n\u00e9tiques importants et, \u00e0 terme, affaiblir nos souches sauvages.<\/p>\n<h5><span style=\"color: #ea631b;\">Le second risque est l\u2019appauvrissement g\u00e9n\u00e9tique<\/span><\/h5>\n<p>Le manque de diversit\u00e9 g\u00e9n\u00e9tique entra\u00eene lui-m\u00eame deux probl\u00e8mes&nbsp;:<\/p>\n<ul>\n<li>des pertes de vigueur, de rendement de la reproduction et des chances de survie (on parle de \u00ab&nbsp;d\u00e9pression de consanguinit\u00e9&nbsp;\u00bb)&nbsp;;<\/li>\n<li>et des difficult\u00e9s \u00e0 survivre et \u00e0 s\u2019adapter face aux changements de l\u2019environnement suite au&nbsp;manque de variabilit\u00e9 g\u00e9n\u00e9tique.<\/li>\n<\/ul>\n<p>Les risques g\u00e9n\u00e9tiques seront r\u00e9duits si les reproducteurs des \u00e9levages sont issus de populations source proches des sites de destination, s\u2019ils montrent une bonne diversit\u00e9 g\u00e9n\u00e9tique&nbsp;et s\u2019ils n\u2019ont pas subi de d\u00e9rive g\u00e9n\u00e9tique.<\/p>\n<p>C\u2019est dans ce cadre qu\u2019une \u00e9tude sur la g\u00e9n\u00e9tique des populations wallonnes de la perdrix grise sera r\u00e9alis\u00e9e lors de la saison cyn\u00e9g\u00e9tique 2024. Son objectif g\u00e9n\u00e9ral consiste \u00e0 disposer d\u2019une image la plus compl\u00e8te possible de la diversit\u00e9 g\u00e9n\u00e9tique des perdrix wallonnes afin de recommander, en toute connaissance de cause, les mesures de gestion utiles \u00e0 la sauvegarde de l\u2019int\u00e9grit\u00e9 g\u00e9n\u00e9tique de la souche sauvage.<\/p>\n<p>Pour une bonne interpr\u00e9tation des r\u00e9sultats, l\u2019\u00e9tude doit porter sur un grand nombre d\u2019\u00e9chantillons provenant de toute l\u2019aire de distribution de la perdrix en Wallonie. L\u2019objectif fix\u00e9 avec les g\u00e9n\u00e9ticiens est de minimum 500 \u00e9chantillons. La r\u00e9ussite de l\u2019\u00e9tude d\u00e9pend de la contribution des chasseurs.<\/p>\n<h3><span style=\"color: #ea631b;\">Appel \u00e0 contribution<\/span><\/h3>\n<p>Tous les chasseurs qui ont des perdrix sur leur territoire peuvent apporter leur contribution, que le territoire ait fait l\u2019objet de l\u00e2chers anciens, r\u00e9cents ou pas.<\/p>\n<p>Vous pensez pouvoir fournir au moins un \u00e9chantillon&nbsp;? Manifestez-vous aupr\u00e8s de J\u00e9r\u00f4me WIDAR (T\u00e9l. 081\/33 51 99, mail&nbsp;: jerome.widar<a href=\"mailto:Manuel.detillesse@spw.wallonie.be\">@spw.wallonie.be<\/a>) et vous recevrez par la Poste les contenants utiles.<\/p>\n<p>Le jour o\u00f9 vous aurez une perdrix entre les mains\u2026<\/p>\n<ul>\n<li>Prenez un \u00e9chantillon&nbsp;:\n<ul>\n<li>en fin de journ\u00e9e de chasse, ou dans les 24 h, collectez l\u2019orteil entier, mais aussi une r\u00e9mige ext\u00e9rieure (plume de l\u2019aile) des oiseaux pr\u00e9lev\u00e9s ou trouv\u00e9s morts&nbsp;;<\/li>\n<li>un seul orteil et une seule plume par oiseau&nbsp;;<\/li>\n<li>un seul oiseau par contenant&nbsp;;<\/li>\n<li>placez les \u00e9chantillons dans un contenant&nbsp;:\n<ul>\n<li>si vous ne congelez pas&nbsp;: un flacon avec de l&rsquo;\u00e9thanol (avec l\u2019orteil et la plume) ;<\/li>\n<li>si vous congelez&nbsp;: un sachet en plastique zipp\u00e9 (avec l\u2019orteil et la plume).<\/li>\n<\/ul>\n<\/li>\n<\/ul>\n<\/li>\n<\/ul>\n<p><img loading=\"lazy\" decoding=\"async\" class=\"alignnone size-medium wp-image-1105 aligncenter\" src=\"https:\/\/ubcr.be\/ubcrubcr\/wp-content\/uploads\/2024\/09\/Perdrix-Illu1-300x174.jpg\" alt=\"\" width=\"300\" height=\"174\" srcset=\"https:\/\/ubcr.be\/ubcrubcr\/wp-content\/uploads\/2024\/09\/Perdrix-Illu1-300x174.jpg 300w, https:\/\/ubcr.be\/ubcrubcr\/wp-content\/uploads\/2024\/09\/Perdrix-Illu1-768x447.jpg 768w, https:\/\/ubcr.be\/ubcrubcr\/wp-content\/uploads\/2024\/09\/Perdrix-Illu1.jpg 803w\" sizes=\"auto, (max-width: 300px) 100vw, 300px\" \/><\/p>\n<ul>\n<li>Sur l\u2019\u00e9tiquette du contenant, renseignez&nbsp;:\n<ul>\n<li>la date du pr\u00e9l\u00e8vement&nbsp;;<\/li>\n<li>l\u2019ancienne commune ou le village o\u00f9 a eu lieu le pr\u00e9l\u00e8vement&nbsp;;<\/li>\n<li>le pr\u00e9nom et le nom d\u2019une personne de contact et son num\u00e9ro de GSM.<\/li>\n<\/ul>\n<\/li>\n<li>La conservation des \u00e9chantillons se fait&nbsp;:\n<ul>\n<li>soit au cong\u00e9lateur \u00e0 -20\u00b0C, dans ce cas, pas besoin de plonger l\u2019\u00e9chantillon dans de l\u2019alcool. Si vous ne souhaitez pas utiliser votre cong\u00e9lateur, ceux du \u00ab R\u00e9seau de surveillance de la sant\u00e9 de la faune sauvage \u00bb sont disponibles&nbsp;;<\/li>\n<li>soit \u00e0 temp\u00e9rature ambiante, dans de l\u2019\u00e9thanol \u00e0 95 ou 99 %. NB.&nbsp;: les flacons d\u2019alcool transmis par le DEMNA-DNE dans le cadre de l\u2019analyse de la reproduction du li\u00e8vre peuvent parfaitement convenir pour la conservation des \u00e9chantillons de perdrix.<\/li>\n<\/ul>\n<\/li>\n<li>Contactez J\u00e9r\u00f4me Widar pour lui signaler l\u2019existence d\u2019un ou de plusieurs \u00e9chantillons chez vous. Nous nous chargerons de les rapatrier vers le laboratoire.<\/li>\n<\/ul>\n<p>L\u2019\u00e9chantillonnage sera r\u00e9alis\u00e9 de septembre \u00e0 novembre 2024. Les analyses devraient \u00eatre r\u00e9alis\u00e9es entre avril et mai 2025. Nous esp\u00e9rons pouvoir diffuser les r\u00e9sultats dans le courant de l\u2019automne 2025.<\/p>\n<h3><span style=\"color: #ea631b;\">En fin de compte\u2026<\/span><\/h3>\n<p>Finalement, cette \u00e9tude sur la g\u00e9n\u00e9tique de la perdrix grise en Wallonie doit nous permettre, \u00e0 terme, de pr\u00e9server les souches sauvages, en vue de leur red\u00e9ploiement dans les habitats favorables. C\u2019est particuli\u00e8rement important pour une esp\u00e8ce gravement menac\u00e9e comme la perdrix. L\u2019avenir de sa chasse est intimement li\u00e9 aux actions partenariales en faveur de l\u2019esp\u00e8ce, telles que ce projet d\u2019\u00e9tude.<\/p>\n<p>Merci \u00e0 toutes les personnes int\u00e9ress\u00e9es par une participation de se manifester aupr\u00e8s de J\u00e9r\u00f4me Widar, attach\u00e9 \u00e0 la Direction de la Chasse et de la P\u00eache. Il s\u2019agit de lui indiquer, par t\u00e9l\u00e9phone ou par mail, que vous \u00eates pr\u00eats \u00e0 fournir un ou plusieurs \u00e9chantillons de perdrix lors de la saison cyn\u00e9g\u00e9tique 2024\/2025. Nous reprendrons alors contact avec vous pour vous fournir le mat\u00e9riel n\u00e9cessaire et vous aider dans la d\u00e9marche.<\/p>\n<p>Votre contact : J\u00e9r\u00f4me WIDAR, t\u00e9l. 081\/33 51 99, mail&nbsp;: jerome.widar<a href=\"mailto:Manuel.detillesse@spw.wallonie.be\">@spw.wallonie.be<\/a><\/p>\n<h3><span style=\"color: #ea631b;\">R\u00e9f\u00e9rences<\/span><\/h3>\n<p>Bro, E. (2016) \u2013 La perdrix grise. Biologie, \u00e9cologie, gestion et conservation. Biotopes. M\u00e8ze. 304 p.<\/p>\n<p>Liukkonen-Anttila, T., Uimaniemi, L., Orell, M. &amp; Lumme J. (2002) &#8211; Mitochondrial DNA variation and the phylogeography of the grey partridge (Perdix perdix) in Europe: from Pleistocene history to present day populations.<\/p>\n<p>UICN (2012) &#8211; Lignes directrices de l&rsquo;UICN sur les r\u00e9introductions et les autres transferts aux fins de la sauvegarde, Commission de sauvegarde des esp\u00e8ces, 38 p.<\/p>\n<p>&nbsp;<\/p>\n<p><a href=\"#_ftnref1\" name=\"_ftn1\"><\/a><\/p>\n<p>&nbsp;<\/p>\n<\/div>\n<\/div><\/div>\n<\/div>\n\n\n\n<div class=\"wp-block-column is-layout-flow wp-block-column-is-layout-flow\" style=\"flex-basis:10%\"><\/div>\n<\/div>\n\n\n\n<p><\/p>\n","protected":false},"excerpt":{"rendered":"","protected":false},"author":1,"featured_media":1106,"comment_status":"closed","ping_status":"closed","sticky":false,"template":"","format":"standard","meta":{"ngg_post_thumbnail":0,"ocean_post_layout":"","ocean_both_sidebars_style":"","ocean_both_sidebars_content_width":0,"ocean_both_sidebars_sidebars_width":0,"ocean_sidebar":"","ocean_second_sidebar":"","ocean_disable_margins":"enable","ocean_add_body_class":"","ocean_shortcode_before_top_bar":"","ocean_shortcode_after_top_bar":"","ocean_shortcode_before_header":"","ocean_shortcode_after_header":"","ocean_has_shortcode":"","ocean_shortcode_after_title":"","ocean_shortcode_before_footer_widgets":"","ocean_shortcode_after_footer_widgets":"","ocean_shortcode_before_footer_bottom":"","ocean_shortcode_after_footer_bottom":"","ocean_display_top_bar":"default","ocean_display_header":"default","ocean_header_style":"","ocean_center_header_left_menu":"","ocean_custom_header_template":"","ocean_custom_logo":0,"ocean_custom_retina_logo":0,"ocean_custom_logo_max_width":0,"ocean_custom_logo_tablet_max_width":0,"ocean_custom_logo_mobile_max_width":0,"ocean_custom_logo_max_height":0,"ocean_custom_logo_tablet_max_height":0,"ocean_custom_logo_mobile_max_height":0,"ocean_header_custom_menu":"","ocean_menu_typo_font_family":"","ocean_menu_typo_font_subset":"","ocean_menu_typo_font_size":0,"ocean_menu_typo_font_size_tablet":0,"ocean_menu_typo_font_size_mobile":0,"ocean_menu_typo_font_size_unit":"px","ocean_menu_typo_font_weight":"","ocean_menu_typo_font_weight_tablet":"","ocean_menu_typo_font_weight_mobile":"","ocean_menu_typo_transform":"","ocean_menu_typo_transform_tablet":"","ocean_menu_typo_transform_mobile":"","ocean_menu_typo_line_height":0,"ocean_menu_typo_line_height_tablet":0,"ocean_menu_typo_line_height_mobile":0,"ocean_menu_typo_line_height_unit":"","ocean_menu_typo_spacing":0,"ocean_menu_typo_spacing_tablet":0,"ocean_menu_typo_spacing_mobile":0,"ocean_menu_typo_spacing_unit":"","ocean_menu_link_color":"","ocean_menu_link_color_hover":"","ocean_menu_link_color_active":"","ocean_menu_link_background":"","ocean_menu_link_hover_background":"","ocean_menu_link_active_background":"","ocean_menu_social_links_bg":"","ocean_menu_social_hover_links_bg":"","ocean_menu_social_links_color":"","ocean_menu_social_hover_links_color":"","ocean_disable_title":"default","ocean_disable_heading":"default","ocean_post_title":"","ocean_post_subheading":"","ocean_post_title_style":"","ocean_post_title_background_color":"","ocean_post_title_background":0,"ocean_post_title_bg_image_position":"","ocean_post_title_bg_image_attachment":"","ocean_post_title_bg_image_repeat":"","ocean_post_title_bg_image_size":"","ocean_post_title_height":0,"ocean_post_title_bg_overlay":0.5,"ocean_post_title_bg_overlay_color":"","ocean_disable_breadcrumbs":"default","ocean_breadcrumbs_color":"","ocean_breadcrumbs_separator_color":"","ocean_breadcrumbs_links_color":"","ocean_breadcrumbs_links_hover_color":"","ocean_display_footer_widgets":"default","ocean_display_footer_bottom":"default","ocean_custom_footer_template":"","_themeisle_gutenberg_block_has_review":false,"ocean_post_oembed":"","ocean_post_self_hosted_media":"","ocean_post_video_embed":"","ocean_link_format":"","ocean_link_format_target":"self","ocean_quote_format":"","ocean_quote_format_link":"post","ocean_gallery_link_images":"on","ocean_gallery_id":[],"footnotes":""},"categories":[20,8],"tags":[],"class_list":["post-1102","post","type-post","status-publish","format-standard","has-post-thumbnail","hentry","category-le-blog","category-publications","entry","has-media"],"yoast_head":"<!-- This site is optimized with the Yoast SEO plugin v27.0 - https:\/\/yoast.com\/product\/yoast-seo-wordpress\/ -->\n<title>Perdrix grise\u00a0: une \u00e9tude g\u00e9n\u00e9tique est lanc\u00e9e en Wallonie. Appel \u00e0 contribution\u00a0! - UBCR<\/title>\n<meta name=\"robots\" content=\"index, follow, max-snippet:-1, max-image-preview:large, max-video-preview:-1\" \/>\n<link rel=\"canonical\" href=\"https:\/\/ubcr.be\/ubcrubcr\/perdrix-grise-une-etude-genetique-est-lancee-en-wallonie-appel-a-contribution\/\" \/>\n<meta property=\"og:locale\" content=\"fr_FR\" \/>\n<meta property=\"og:type\" content=\"article\" \/>\n<meta property=\"og:title\" content=\"Perdrix grise\u00a0: une \u00e9tude g\u00e9n\u00e9tique est lanc\u00e9e en Wallonie. Appel \u00e0 contribution\u00a0! - UBCR\" \/>\n<meta property=\"og:url\" content=\"https:\/\/ubcr.be\/ubcrubcr\/perdrix-grise-une-etude-genetique-est-lancee-en-wallonie-appel-a-contribution\/\" \/>\n<meta property=\"og:site_name\" content=\"UBCR\" \/>\n<meta property=\"article:published_time\" content=\"2024-09-06T15:35:49+00:00\" \/>\n<meta property=\"article:modified_time\" content=\"2024-09-06T15:36:11+00:00\" \/>\n<meta property=\"og:image\" content=\"https:\/\/ubcr.be\/ubcrubcr\/wp-content\/uploads\/2024\/09\/Perdrix-Grise.jpg\" \/>\n\t<meta property=\"og:image:width\" content=\"1280\" \/>\n\t<meta property=\"og:image:height\" content=\"728\" \/>\n\t<meta property=\"og:image:type\" content=\"image\/jpeg\" \/>\n<meta name=\"author\" content=\"UBCR\" \/>\n<meta name=\"twitter:card\" content=\"summary_large_image\" \/>\n<meta name=\"twitter:label1\" content=\"\u00c9crit par\" \/>\n\t<meta name=\"twitter:data1\" content=\"UBCR\" \/>\n\t<meta name=\"twitter:label2\" content=\"Dur\u00e9e de lecture estim\u00e9e\" \/>\n\t<meta name=\"twitter:data2\" content=\"9 minutes\" \/>\n<script type=\"application\/ld+json\" class=\"yoast-schema-graph\">{\"@context\":\"https:\/\/schema.org\",\"@graph\":[{\"@type\":\"Article\",\"@id\":\"https:\/\/ubcr.be\/ubcrubcr\/perdrix-grise-une-etude-genetique-est-lancee-en-wallonie-appel-a-contribution\/#article\",\"isPartOf\":{\"@id\":\"https:\/\/ubcr.be\/ubcrubcr\/perdrix-grise-une-etude-genetique-est-lancee-en-wallonie-appel-a-contribution\/\"},\"author\":{\"name\":\"UBCR\",\"@id\":\"https:\/\/ubcr.be\/ubcrubcr\/#\/schema\/person\/e2564e0d7b8aa01281ecc8f55d524de3\"},\"headline\":\"Perdrix grise\u00a0: une \u00e9tude g\u00e9n\u00e9tique est lanc\u00e9e en Wallonie. Appel \u00e0 contribution\u00a0!\",\"datePublished\":\"2024-09-06T15:35:49+00:00\",\"dateModified\":\"2024-09-06T15:36:11+00:00\",\"mainEntityOfPage\":{\"@id\":\"https:\/\/ubcr.be\/ubcrubcr\/perdrix-grise-une-etude-genetique-est-lancee-en-wallonie-appel-a-contribution\/\"},\"wordCount\":1811,\"publisher\":{\"@id\":\"https:\/\/ubcr.be\/ubcrubcr\/#organization\"},\"image\":{\"@id\":\"https:\/\/ubcr.be\/ubcrubcr\/perdrix-grise-une-etude-genetique-est-lancee-en-wallonie-appel-a-contribution\/#primaryimage\"},\"thumbnailUrl\":\"https:\/\/ubcr.be\/ubcrubcr\/wp-content\/uploads\/2024\/09\/Perdrix-Grise.jpg\",\"articleSection\":[\"Le Blog\",\"Publications\"],\"inLanguage\":\"fr-FR\"},{\"@type\":\"WebPage\",\"@id\":\"https:\/\/ubcr.be\/ubcrubcr\/perdrix-grise-une-etude-genetique-est-lancee-en-wallonie-appel-a-contribution\/\",\"url\":\"https:\/\/ubcr.be\/ubcrubcr\/perdrix-grise-une-etude-genetique-est-lancee-en-wallonie-appel-a-contribution\/\",\"name\":\"Perdrix grise\u00a0: une \u00e9tude g\u00e9n\u00e9tique est lanc\u00e9e en Wallonie. Appel \u00e0 contribution\u00a0! - UBCR\",\"isPartOf\":{\"@id\":\"https:\/\/ubcr.be\/ubcrubcr\/#website\"},\"primaryImageOfPage\":{\"@id\":\"https:\/\/ubcr.be\/ubcrubcr\/perdrix-grise-une-etude-genetique-est-lancee-en-wallonie-appel-a-contribution\/#primaryimage\"},\"image\":{\"@id\":\"https:\/\/ubcr.be\/ubcrubcr\/perdrix-grise-une-etude-genetique-est-lancee-en-wallonie-appel-a-contribution\/#primaryimage\"},\"thumbnailUrl\":\"https:\/\/ubcr.be\/ubcrubcr\/wp-content\/uploads\/2024\/09\/Perdrix-Grise.jpg\",\"datePublished\":\"2024-09-06T15:35:49+00:00\",\"dateModified\":\"2024-09-06T15:36:11+00:00\",\"breadcrumb\":{\"@id\":\"https:\/\/ubcr.be\/ubcrubcr\/perdrix-grise-une-etude-genetique-est-lancee-en-wallonie-appel-a-contribution\/#breadcrumb\"},\"inLanguage\":\"fr-FR\",\"potentialAction\":[{\"@type\":\"ReadAction\",\"target\":[\"https:\/\/ubcr.be\/ubcrubcr\/perdrix-grise-une-etude-genetique-est-lancee-en-wallonie-appel-a-contribution\/\"]}]},{\"@type\":\"ImageObject\",\"inLanguage\":\"fr-FR\",\"@id\":\"https:\/\/ubcr.be\/ubcrubcr\/perdrix-grise-une-etude-genetique-est-lancee-en-wallonie-appel-a-contribution\/#primaryimage\",\"url\":\"https:\/\/ubcr.be\/ubcrubcr\/wp-content\/uploads\/2024\/09\/Perdrix-Grise.jpg\",\"contentUrl\":\"https:\/\/ubcr.be\/ubcrubcr\/wp-content\/uploads\/2024\/09\/Perdrix-Grise.jpg\",\"width\":1280,\"height\":728},{\"@type\":\"BreadcrumbList\",\"@id\":\"https:\/\/ubcr.be\/ubcrubcr\/perdrix-grise-une-etude-genetique-est-lancee-en-wallonie-appel-a-contribution\/#breadcrumb\",\"itemListElement\":[{\"@type\":\"ListItem\",\"position\":1,\"name\":\"Accueil\",\"item\":\"https:\/\/ubcr.be\/ubcrubcr\/\"},{\"@type\":\"ListItem\",\"position\":2,\"name\":\"Perdrix grise\u00a0: une \u00e9tude g\u00e9n\u00e9tique est lanc\u00e9e en Wallonie. Appel \u00e0 contribution\u00a0!\"}]},{\"@type\":\"WebSite\",\"@id\":\"https:\/\/ubcr.be\/ubcrubcr\/#website\",\"url\":\"https:\/\/ubcr.be\/ubcrubcr\/\",\"name\":\"UBCR\",\"description\":\"Union Belge de la Chasse et de la Ruralit\u00e9\",\"publisher\":{\"@id\":\"https:\/\/ubcr.be\/ubcrubcr\/#organization\"},\"potentialAction\":[{\"@type\":\"SearchAction\",\"target\":{\"@type\":\"EntryPoint\",\"urlTemplate\":\"https:\/\/ubcr.be\/ubcrubcr\/?s={search_term_string}\"},\"query-input\":{\"@type\":\"PropertyValueSpecification\",\"valueRequired\":true,\"valueName\":\"search_term_string\"}}],\"inLanguage\":\"fr-FR\"},{\"@type\":\"Organization\",\"@id\":\"https:\/\/ubcr.be\/ubcrubcr\/#organization\",\"name\":\"Union Belge de la Chasse et de la ruralit\u00e9\",\"url\":\"https:\/\/ubcr.be\/ubcrubcr\/\",\"logo\":{\"@type\":\"ImageObject\",\"inLanguage\":\"fr-FR\",\"@id\":\"https:\/\/ubcr.be\/ubcrubcr\/#\/schema\/logo\/image\/\",\"url\":\"https:\/\/ubcr.be\/ubcrubcr\/wp-content\/uploads\/2023\/10\/Logo-2023-UBCR_Web3.png\",\"contentUrl\":\"https:\/\/ubcr.be\/ubcrubcr\/wp-content\/uploads\/2023\/10\/Logo-2023-UBCR_Web3.png\",\"width\":381,\"height\":139,\"caption\":\"Union Belge de la Chasse et de la ruralit\u00e9\"},\"image\":{\"@id\":\"https:\/\/ubcr.be\/ubcrubcr\/#\/schema\/logo\/image\/\"}},{\"@type\":\"Person\",\"@id\":\"https:\/\/ubcr.be\/ubcrubcr\/#\/schema\/person\/e2564e0d7b8aa01281ecc8f55d524de3\",\"name\":\"UBCR\",\"image\":{\"@type\":\"ImageObject\",\"inLanguage\":\"fr-FR\",\"@id\":\"https:\/\/ubcr.be\/ubcrubcr\/#\/schema\/person\/image\/\",\"url\":\"https:\/\/secure.gravatar.com\/avatar\/6fcd7489cc5ccf661c39a961500084b7c4d5d708f1e89189a30c5f6e12ba733e?s=96&d=mm&r=g\",\"contentUrl\":\"https:\/\/secure.gravatar.com\/avatar\/6fcd7489cc5ccf661c39a961500084b7c4d5d708f1e89189a30c5f6e12ba733e?s=96&d=mm&r=g\",\"caption\":\"UBCR\"},\"sameAs\":[\"http:\/\/ubcr.be\/ubcrubcr\"],\"url\":\"https:\/\/ubcr.be\/ubcrubcr\/author\/ubcrbelubcr\/\"}]}<\/script>\n<!-- \/ Yoast SEO plugin. -->","yoast_head_json":{"title":"Perdrix grise\u00a0: une \u00e9tude g\u00e9n\u00e9tique est lanc\u00e9e en Wallonie. Appel \u00e0 contribution\u00a0! - UBCR","robots":{"index":"index","follow":"follow","max-snippet":"max-snippet:-1","max-image-preview":"max-image-preview:large","max-video-preview":"max-video-preview:-1"},"canonical":"https:\/\/ubcr.be\/ubcrubcr\/perdrix-grise-une-etude-genetique-est-lancee-en-wallonie-appel-a-contribution\/","og_locale":"fr_FR","og_type":"article","og_title":"Perdrix grise\u00a0: une \u00e9tude g\u00e9n\u00e9tique est lanc\u00e9e en Wallonie. Appel \u00e0 contribution\u00a0! - UBCR","og_url":"https:\/\/ubcr.be\/ubcrubcr\/perdrix-grise-une-etude-genetique-est-lancee-en-wallonie-appel-a-contribution\/","og_site_name":"UBCR","article_published_time":"2024-09-06T15:35:49+00:00","article_modified_time":"2024-09-06T15:36:11+00:00","og_image":[{"width":1280,"height":728,"url":"https:\/\/ubcr.be\/ubcrubcr\/wp-content\/uploads\/2024\/09\/Perdrix-Grise.jpg","type":"image\/jpeg"}],"author":"UBCR","twitter_card":"summary_large_image","twitter_misc":{"\u00c9crit par":"UBCR","Dur\u00e9e de lecture estim\u00e9e":"9 minutes"},"schema":{"@context":"https:\/\/schema.org","@graph":[{"@type":"Article","@id":"https:\/\/ubcr.be\/ubcrubcr\/perdrix-grise-une-etude-genetique-est-lancee-en-wallonie-appel-a-contribution\/#article","isPartOf":{"@id":"https:\/\/ubcr.be\/ubcrubcr\/perdrix-grise-une-etude-genetique-est-lancee-en-wallonie-appel-a-contribution\/"},"author":{"name":"UBCR","@id":"https:\/\/ubcr.be\/ubcrubcr\/#\/schema\/person\/e2564e0d7b8aa01281ecc8f55d524de3"},"headline":"Perdrix grise\u00a0: une \u00e9tude g\u00e9n\u00e9tique est lanc\u00e9e en Wallonie. Appel \u00e0 contribution\u00a0!","datePublished":"2024-09-06T15:35:49+00:00","dateModified":"2024-09-06T15:36:11+00:00","mainEntityOfPage":{"@id":"https:\/\/ubcr.be\/ubcrubcr\/perdrix-grise-une-etude-genetique-est-lancee-en-wallonie-appel-a-contribution\/"},"wordCount":1811,"publisher":{"@id":"https:\/\/ubcr.be\/ubcrubcr\/#organization"},"image":{"@id":"https:\/\/ubcr.be\/ubcrubcr\/perdrix-grise-une-etude-genetique-est-lancee-en-wallonie-appel-a-contribution\/#primaryimage"},"thumbnailUrl":"https:\/\/ubcr.be\/ubcrubcr\/wp-content\/uploads\/2024\/09\/Perdrix-Grise.jpg","articleSection":["Le Blog","Publications"],"inLanguage":"fr-FR"},{"@type":"WebPage","@id":"https:\/\/ubcr.be\/ubcrubcr\/perdrix-grise-une-etude-genetique-est-lancee-en-wallonie-appel-a-contribution\/","url":"https:\/\/ubcr.be\/ubcrubcr\/perdrix-grise-une-etude-genetique-est-lancee-en-wallonie-appel-a-contribution\/","name":"Perdrix grise\u00a0: une \u00e9tude g\u00e9n\u00e9tique est lanc\u00e9e en Wallonie. Appel \u00e0 contribution\u00a0! - UBCR","isPartOf":{"@id":"https:\/\/ubcr.be\/ubcrubcr\/#website"},"primaryImageOfPage":{"@id":"https:\/\/ubcr.be\/ubcrubcr\/perdrix-grise-une-etude-genetique-est-lancee-en-wallonie-appel-a-contribution\/#primaryimage"},"image":{"@id":"https:\/\/ubcr.be\/ubcrubcr\/perdrix-grise-une-etude-genetique-est-lancee-en-wallonie-appel-a-contribution\/#primaryimage"},"thumbnailUrl":"https:\/\/ubcr.be\/ubcrubcr\/wp-content\/uploads\/2024\/09\/Perdrix-Grise.jpg","datePublished":"2024-09-06T15:35:49+00:00","dateModified":"2024-09-06T15:36:11+00:00","breadcrumb":{"@id":"https:\/\/ubcr.be\/ubcrubcr\/perdrix-grise-une-etude-genetique-est-lancee-en-wallonie-appel-a-contribution\/#breadcrumb"},"inLanguage":"fr-FR","potentialAction":[{"@type":"ReadAction","target":["https:\/\/ubcr.be\/ubcrubcr\/perdrix-grise-une-etude-genetique-est-lancee-en-wallonie-appel-a-contribution\/"]}]},{"@type":"ImageObject","inLanguage":"fr-FR","@id":"https:\/\/ubcr.be\/ubcrubcr\/perdrix-grise-une-etude-genetique-est-lancee-en-wallonie-appel-a-contribution\/#primaryimage","url":"https:\/\/ubcr.be\/ubcrubcr\/wp-content\/uploads\/2024\/09\/Perdrix-Grise.jpg","contentUrl":"https:\/\/ubcr.be\/ubcrubcr\/wp-content\/uploads\/2024\/09\/Perdrix-Grise.jpg","width":1280,"height":728},{"@type":"BreadcrumbList","@id":"https:\/\/ubcr.be\/ubcrubcr\/perdrix-grise-une-etude-genetique-est-lancee-en-wallonie-appel-a-contribution\/#breadcrumb","itemListElement":[{"@type":"ListItem","position":1,"name":"Accueil","item":"https:\/\/ubcr.be\/ubcrubcr\/"},{"@type":"ListItem","position":2,"name":"Perdrix grise\u00a0: une \u00e9tude g\u00e9n\u00e9tique est lanc\u00e9e en Wallonie. Appel \u00e0 contribution\u00a0!"}]},{"@type":"WebSite","@id":"https:\/\/ubcr.be\/ubcrubcr\/#website","url":"https:\/\/ubcr.be\/ubcrubcr\/","name":"UBCR","description":"Union Belge de la Chasse et de la Ruralit\u00e9","publisher":{"@id":"https:\/\/ubcr.be\/ubcrubcr\/#organization"},"potentialAction":[{"@type":"SearchAction","target":{"@type":"EntryPoint","urlTemplate":"https:\/\/ubcr.be\/ubcrubcr\/?s={search_term_string}"},"query-input":{"@type":"PropertyValueSpecification","valueRequired":true,"valueName":"search_term_string"}}],"inLanguage":"fr-FR"},{"@type":"Organization","@id":"https:\/\/ubcr.be\/ubcrubcr\/#organization","name":"Union Belge de la Chasse et de la ruralit\u00e9","url":"https:\/\/ubcr.be\/ubcrubcr\/","logo":{"@type":"ImageObject","inLanguage":"fr-FR","@id":"https:\/\/ubcr.be\/ubcrubcr\/#\/schema\/logo\/image\/","url":"https:\/\/ubcr.be\/ubcrubcr\/wp-content\/uploads\/2023\/10\/Logo-2023-UBCR_Web3.png","contentUrl":"https:\/\/ubcr.be\/ubcrubcr\/wp-content\/uploads\/2023\/10\/Logo-2023-UBCR_Web3.png","width":381,"height":139,"caption":"Union Belge de la Chasse et de la ruralit\u00e9"},"image":{"@id":"https:\/\/ubcr.be\/ubcrubcr\/#\/schema\/logo\/image\/"}},{"@type":"Person","@id":"https:\/\/ubcr.be\/ubcrubcr\/#\/schema\/person\/e2564e0d7b8aa01281ecc8f55d524de3","name":"UBCR","image":{"@type":"ImageObject","inLanguage":"fr-FR","@id":"https:\/\/ubcr.be\/ubcrubcr\/#\/schema\/person\/image\/","url":"https:\/\/secure.gravatar.com\/avatar\/6fcd7489cc5ccf661c39a961500084b7c4d5d708f1e89189a30c5f6e12ba733e?s=96&d=mm&r=g","contentUrl":"https:\/\/secure.gravatar.com\/avatar\/6fcd7489cc5ccf661c39a961500084b7c4d5d708f1e89189a30c5f6e12ba733e?s=96&d=mm&r=g","caption":"UBCR"},"sameAs":["http:\/\/ubcr.be\/ubcrubcr"],"url":"https:\/\/ubcr.be\/ubcrubcr\/author\/ubcrbelubcr\/"}]}},"_links":{"self":[{"href":"https:\/\/ubcr.be\/ubcrubcr\/wp-json\/wp\/v2\/posts\/1102","targetHints":{"allow":["GET"]}}],"collection":[{"href":"https:\/\/ubcr.be\/ubcrubcr\/wp-json\/wp\/v2\/posts"}],"about":[{"href":"https:\/\/ubcr.be\/ubcrubcr\/wp-json\/wp\/v2\/types\/post"}],"author":[{"embeddable":true,"href":"https:\/\/ubcr.be\/ubcrubcr\/wp-json\/wp\/v2\/users\/1"}],"replies":[{"embeddable":true,"href":"https:\/\/ubcr.be\/ubcrubcr\/wp-json\/wp\/v2\/comments?post=1102"}],"version-history":[{"count":3,"href":"https:\/\/ubcr.be\/ubcrubcr\/wp-json\/wp\/v2\/posts\/1102\/revisions"}],"predecessor-version":[{"id":1107,"href":"https:\/\/ubcr.be\/ubcrubcr\/wp-json\/wp\/v2\/posts\/1102\/revisions\/1107"}],"wp:featuredmedia":[{"embeddable":true,"href":"https:\/\/ubcr.be\/ubcrubcr\/wp-json\/wp\/v2\/media\/1106"}],"wp:attachment":[{"href":"https:\/\/ubcr.be\/ubcrubcr\/wp-json\/wp\/v2\/media?parent=1102"}],"wp:term":[{"taxonomy":"category","embeddable":true,"href":"https:\/\/ubcr.be\/ubcrubcr\/wp-json\/wp\/v2\/categories?post=1102"},{"taxonomy":"post_tag","embeddable":true,"href":"https:\/\/ubcr.be\/ubcrubcr\/wp-json\/wp\/v2\/tags?post=1102"}],"curies":[{"name":"wp","href":"https:\/\/api.w.org\/{rel}","templated":true}]}}