{"id":1087,"date":"2024-09-06T14:49:05","date_gmt":"2024-09-06T12:49:05","guid":{"rendered":"https:\/\/ubcr.be\/ubcrubcr\/?p=1087"},"modified":"2025-08-09T09:10:39","modified_gmt":"2025-08-09T07:10:39","slug":"newslette-6-aout-2024","status":"publish","type":"post","link":"https:\/\/ubcr.be\/ubcrubcr\/newslette-6-aout-2024\/","title":{"rendered":"Newsletter #6 &#8211; Ao\u00fbt 2024 [Fr+De]"},"content":{"rendered":"\n<div class=\"wp-block-columns is-layout-flex wp-container-core-columns-is-layout-9d6595d7 wp-block-columns-is-layout-flex\">\n<div class=\"wp-block-column is-layout-flow wp-block-column-is-layout-flow\" style=\"flex-basis:10%\"><\/div>\n\n\n\n<div class=\"wp-block-column is-layout-flow wp-block-column-is-layout-flow\" style=\"flex-basis:75%\">\n<div id=\"wp-block-themeisle-blocks-advanced-columns-d72bb5ac\" class=\"wp-block-themeisle-blocks-advanced-columns has-1-columns has-desktop-equal-layout has-tablet-equal-layout has-mobile-equal-layout has-vertical-unset\"><div class=\"wp-block-themeisle-blocks-advanced-columns-overlay\"><\/div><div class=\"innerblocks-wrap\">\n<div id=\"wp-block-themeisle-blocks-advanced-column-9d56ce3d\" class=\"wp-block-themeisle-blocks-advanced-column\">\n<h5><strong><a href=\"#Allemand\"><span style=\"color: #ff0000;\">Auf Deutsch lesen<\/span><\/a><\/strong><\/h5>\n<h5><strong><em>Par Comit\u00e9 de r\u00e9daction<\/em><\/strong><\/h5>\n<p>Bonjour \u00e0 tous<\/p>\n<p><img loading=\"lazy\" decoding=\"async\" class=\"size-medium wp-image-1064 alignleft\" src=\"https:\/\/ubcr.be\/ubcrubcr\/wp-content\/uploads\/2024\/09\/Moissons.jpg\" alt=\"\" width=\"300\" height=\"225\">Comme annonc\u00e9 dans notre flash info, nous \u00e9tions pr\u00e9sents \u00e0 la Foire de Libramont et avions un stand \u00e0 D\u00e9mo Forest.<\/p>\n<p>A Libramont, nous avons eu l\u2019occasion de rencontrer beaucoup de mandataires politiques et de nombreux repr\u00e9sentants d\u2019associations impliqu\u00e9es dans le monde agricole, sylvicole et rural. Cela nous a permis de conforter les liens d\u00e9j\u00e0 existants avec certains et d\u2019en cr\u00e9er d\u2019autres.<\/p>\n<p>A Bertrix, lors de D\u00e9mo Forest, nous avons eu, le mardi, la visite sur notre stand de notre nouvelle <strong>Ministre de l\u2019Agriculture, Madame <\/strong><strong>Anne-Catherine Dalcq<\/strong>, qui a aussi la chasse dans ses comp\u00e9tences. Accompagn\u00e9e de plusieurs membres de son cabinet, la Ministre est venue un long moment \u00e0 notre rencontre et a pos\u00e9 beaucoup de questions sur notre vision de la chasse. Elle nous a quitt\u00e9 en nous disant qu\u2019on aurait l\u2019occasion de se revoir pour approfondir les sujets abord\u00e9s\u2026<\/p>\n<p>Le mercredi, c\u2019est la <strong>Directrice du d\u00e9partement ARNE (Agriculture, Ressources Naturelles et Environnement) du SPW, Madame <\/strong><strong>B\u00e9n\u00e9dicte HEINDRICHS<\/strong>, qui, alors qu\u2019elle \u00e9tait d\u00e9j\u00e0 venue la veille avec la Ministre, est revenue accompagn\u00e9e d\u2019une importante d\u00e9l\u00e9gation de ses services. A eux aussi, nous avons eu l\u2019occasion de pr\u00e9senter notre vision de la chasse et r\u00e9pondre \u00e0 leurs questions. L\u00e0 aussi, nous avons trouv\u00e9 des oreilles ouvertes et attentives\u2026<\/p>\n<p>Durant ces 2 jours, nous avons eu la visite de plusieurs membres et aussi rencontr\u00e9 de nombreux acteurs du milieu forestier, chasseur ou non. Notre projet a suscit\u00e9 un r\u00e9el int\u00e9r\u00eat, a \u00e9t\u00e9 largement \u00e9cout\u00e9 et nous avons enregistr\u00e9, sur place, une cinquantaine de nouvelles adh\u00e9sions sans compter ceux qui se sont engag\u00e9s \u00e0 le faire ult\u00e9rieurement.<\/p>\n<p><br>Nous allons poursuivre cette d\u00e9marche de communication et de pr\u00e9sentation, et les <strong>7 et 8 septembre au salon de la chasse \u00e0 Mirwart (St Hubert)<\/strong>, o\u00f9 nous aurons un stand.<\/p>\n<p>Venez -y nombreux\u2026<\/p>\n<p>D\u2019ici l\u00e0, pensez \u00e0 l\u2019\u00e9quilibre Nature \/ Gibier et veillons, m\u00eame si ce n\u2019est pas \u00e9vident, \u00e0 limiter la pr\u00e9sence de sangliers dans les ma\u00efs. Des matins ou soir\u00e9es d\u2019aff\u00fbt entre amis peuvent aussi \u00eatre de bons moments de convivialit\u00e9. Nos agriculteurs, qui doivent d\u00e9j\u00e0 faire face \u00e0 de mauvais rendement pour leurs moissons, appr\u00e9cieront et nous en seront reconnaissants.<\/p>\n<p>Et puis, nous serons vite \u00e0 l\u2019ouverture de la saison, pr\u00e9parons nos armes, aff\u00fbtons nos id\u00e9es, et partageons-les avec un maximum de personnes. Plus nous serons nombreux, plus notre vision de la chasse fera son chemin.<\/p>\n<p>Bonne fin de vacances \u00e0 tous,<\/p>\n\n\n\n<div style=\"height:30px\" aria-hidden=\"true\" class=\"wp-block-spacer\"><\/div>\n\n\n\n<h2 id=\"Allemand\" class=\"wp-block-themeisle-blocks-advanced-heading Allemand\"><strong>Guten Tag an alle!<\/strong><\/h2>\n\n\n\n<p>&nbsp;<\/p>\n<p><img loading=\"lazy\" decoding=\"async\" class=\"size-medium wp-image-1064 alignleft\" src=\"https:\/\/ubcr.be\/ubcrubcr\/wp-content\/uploads\/2024\/09\/Moissons.jpg\" alt=\"\" width=\"300\" height=\"225\"><\/p>\n<p>Wie in unserer Kurznachricht angek\u00fcndigt, waren wir auf der Messe in Libramont und<br>hatten einen Stand auf der Demo Forest in Bertrix.<br>In Libramont hatten wir die Gelegenheit, viele politische Mandatstr\u00e4ger und<br>zahlreiche Vertreter von Verb\u00e4nden, die sich mit der Landwirtschaft, der Forstwirtschaft und dem<br>l\u00e4ndlichen Raum befassen, zu treffen.<br>Wir konnten bereits bestehende Kontakte festigen und neue kn\u00fcpfen.<br><br>Auf unsrem Stand bei der Demo Forest, trafen wir am Dienstag die neue Landwirtschaftsministerin, Frau Anne-Catherine Dalcq, in deren Zust\u00e4ndigkeitsbereich auch die Jagd f\u00e4llt.<br>Sie wurde begleitet von mehreren Mitgliedern ihres Kabinetts, Es fand ein angeregter Austausch von Ideen statt. Sie verlie\u00df uns mit den Worten, dass wir Gelegenheit h\u00e4tten, uns wieder zu treffen, um die angesprochenen Themen zu vertiefen&#8230;<br>Am Mittwoch war es die Leiterin der Abteilung ARNE (Landwirtschaft, nat\u00fcrliche Ressourcen und Umwelt) des SPW, Frau B\u00e9n\u00e9dicte HEINDRICHS, die, obwohl sie bereits am &nbsp;Vortag mit der Ministerin gekommen war, mit einer gro\u00dfen Delegation ihrer Dienststellen zur\u00fcck kam.<br>Wieder nutzten wir die Gelegenheit, ihr unsere Sicht der Jagd darzulegen und ihre Fragen zu beantworten.<br>Wieder trafen wir auf offene und aufmerksame Ohren&#8230;<br><br>W\u00e4hrend dieser zwei Tage wurden wir von mehreren Mitgliedern besucht und trafen auch auf zahlreiche Interessierte aus dem Forstbereich, J\u00e4ger und Nicht-J\u00e4ger.<br>Unser Projekt stie\u00df auf echtes Interesse und wir haben vor Ort etwa 50 neue Mitglieder geworben, ohne diejenigen zu z\u00e4hlen, die sich verpflichtet haben, dies zu einem sp\u00e4teren Zeitpunkt zu tun.<\/p>\n<p>Wir werden diese Kommunikations- und Pr\u00e4sentationsma\u00dfnahmen fortsetzen und am 7. und 8.<br>September auf der Jagdmesse in Mirwart (St Hubert), wieder einen Stand haben.<br><br>Kommen Sie zahlreich&#8230;<br><br>Denken Sie bis dahin an das Gleichgewicht zwischen Natur und Wild und achten Sie, auch wenn es nicht einfach ist, darauf, die Anzahl der Wildschweine in den Maisfeldern zu bek\u00e4mpfen.&nbsp; Unsere Landwirte, die ohnehin schon mit schlechten Ernteertr\u00e4gen zu k\u00e4mpfen haben, werden dies zu sch\u00e4tzen wissen und uns dankbar sein.<br>Bald beginnt die neue Jagdsaison. Wie wir unsere Waffen warten sollen wir auch unsere Ideen sch\u00e4rfen und sie mit so vielen Menschen wie m\u00f6glich teilen.<br>Je mehr wir sind, desto mehr wird sich unsere Vision von der Jagd durchsetzen.<br>Wir w\u00fcnschen Ihnen allen einen sch\u00f6nen Ferienausklang,&nbsp;<\/p>\n<p>&nbsp;<\/p>\n<p>&nbsp;<\/p>\n<p>&nbsp;<\/p>\n<p>&nbsp;<\/p>\n<p>&nbsp;<\/p>\n<\/div>\n<\/div><\/div>\n<\/div>\n\n\n\n<div class=\"wp-block-column is-layout-flow wp-block-column-is-layout-flow\" style=\"flex-basis:10%\"><\/div>\n<\/div>\n","protected":false},"excerpt":{"rendered":"","protected":false},"author":1,"featured_media":1088,"comment_status":"closed","ping_status":"closed","sticky":false,"template":"","format":"standard","meta":{"ngg_post_thumbnail":0,"ocean_post_layout":"","ocean_both_sidebars_style":"","ocean_both_sidebars_content_width":0,"ocean_both_sidebars_sidebars_width":0,"ocean_sidebar":"","ocean_second_sidebar":"","ocean_disable_margins":"enable","ocean_add_body_class":"","ocean_shortcode_before_top_bar":"","ocean_shortcode_after_top_bar":"","ocean_shortcode_before_header":"","ocean_shortcode_after_header":"","ocean_has_shortcode":"","ocean_shortcode_after_title":"","ocean_shortcode_before_footer_widgets":"","ocean_shortcode_after_footer_widgets":"","ocean_shortcode_before_footer_bottom":"","ocean_shortcode_after_footer_bottom":"","ocean_display_top_bar":"default","ocean_display_header":"default","ocean_header_style":"","ocean_center_header_left_menu":"","ocean_custom_header_template":"","ocean_custom_logo":0,"ocean_custom_retina_logo":0,"ocean_custom_logo_max_width":0,"ocean_custom_logo_tablet_max_width":0,"ocean_custom_logo_mobile_max_width":0,"ocean_custom_logo_max_height":0,"ocean_custom_logo_tablet_max_height":0,"ocean_custom_logo_mobile_max_height":0,"ocean_header_custom_menu":"","ocean_menu_typo_font_family":"","ocean_menu_typo_font_subset":"","ocean_menu_typo_font_size":0,"ocean_menu_typo_font_size_tablet":0,"ocean_menu_typo_font_size_mobile":0,"ocean_menu_typo_font_size_unit":"px","ocean_menu_typo_font_weight":"","ocean_menu_typo_font_weight_tablet":"","ocean_menu_typo_font_weight_mobile":"","ocean_menu_typo_transform":"","ocean_menu_typo_transform_tablet":"","ocean_menu_typo_transform_mobile":"","ocean_menu_typo_line_height":0,"ocean_menu_typo_line_height_tablet":0,"ocean_menu_typo_line_height_mobile":0,"ocean_menu_typo_line_height_unit":"","ocean_menu_typo_spacing":0,"ocean_menu_typo_spacing_tablet":0,"ocean_menu_typo_spacing_mobile":0,"ocean_menu_typo_spacing_unit":"","ocean_menu_link_color":"","ocean_menu_link_color_hover":"","ocean_menu_link_color_active":"","ocean_menu_link_background":"","ocean_menu_link_hover_background":"","ocean_menu_link_active_background":"","ocean_menu_social_links_bg":"","ocean_menu_social_hover_links_bg":"","ocean_menu_social_links_color":"","ocean_menu_social_hover_links_color":"","ocean_disable_title":"default","ocean_disable_heading":"default","ocean_post_title":"","ocean_post_subheading":"","ocean_post_title_style":"","ocean_post_title_background_color":"","ocean_post_title_background":0,"ocean_post_title_bg_image_position":"","ocean_post_title_bg_image_attachment":"","ocean_post_title_bg_image_repeat":"","ocean_post_title_bg_image_size":"","ocean_post_title_height":0,"ocean_post_title_bg_overlay":0.5,"ocean_post_title_bg_overlay_color":"","ocean_disable_breadcrumbs":"default","ocean_breadcrumbs_color":"","ocean_breadcrumbs_separator_color":"","ocean_breadcrumbs_links_color":"","ocean_breadcrumbs_links_hover_color":"","ocean_display_footer_widgets":"default","ocean_display_footer_bottom":"default","ocean_custom_footer_template":"","_themeisle_gutenberg_block_has_review":false,"ocean_post_oembed":"","ocean_post_self_hosted_media":"","ocean_post_video_embed":"","ocean_link_format":"","ocean_link_format_target":"self","ocean_quote_format":"","ocean_quote_format_link":"post","ocean_gallery_link_images":"on","ocean_gallery_id":[],"footnotes":""},"categories":[20,7],"tags":[],"class_list":["post-1087","post","type-post","status-publish","format-standard","has-post-thumbnail","hentry","category-le-blog","category-newsletters","entry","has-media"],"yoast_head":"<!-- This site is optimized with the Yoast SEO plugin v27.0 - https:\/\/yoast.com\/product\/yoast-seo-wordpress\/ -->\n<title>Newsletter #6 - Ao\u00fbt 2024 [Fr+De] - UBCR<\/title>\n<meta name=\"robots\" content=\"index, follow, max-snippet:-1, max-image-preview:large, max-video-preview:-1\" \/>\n<link rel=\"canonical\" href=\"https:\/\/ubcr.be\/ubcrubcr\/newslette-6-aout-2024\/\" \/>\n<meta property=\"og:locale\" content=\"fr_FR\" \/>\n<meta property=\"og:type\" content=\"article\" \/>\n<meta property=\"og:title\" content=\"Newsletter #6 - Ao\u00fbt 2024 [Fr+De] - UBCR\" \/>\n<meta property=\"og:url\" content=\"https:\/\/ubcr.be\/ubcrubcr\/newslette-6-aout-2024\/\" \/>\n<meta property=\"og:site_name\" content=\"UBCR\" \/>\n<meta property=\"article:published_time\" content=\"2024-09-06T12:49:05+00:00\" \/>\n<meta property=\"article:modified_time\" content=\"2025-08-09T07:10:39+00:00\" \/>\n<meta property=\"og:image\" content=\"https:\/\/ubcr.be\/ubcrubcr\/wp-content\/uploads\/2024\/09\/Moissons.jpg\" \/>\n\t<meta property=\"og:image:width\" content=\"1280\" \/>\n\t<meta property=\"og:image:height\" content=\"848\" \/>\n\t<meta property=\"og:image:type\" content=\"image\/jpeg\" \/>\n<meta name=\"author\" content=\"UBCR\" \/>\n<meta name=\"twitter:card\" content=\"summary_large_image\" \/>\n<meta name=\"twitter:label1\" content=\"\u00c9crit par\" \/>\n\t<meta name=\"twitter:data1\" content=\"UBCR\" \/>\n\t<meta name=\"twitter:label2\" content=\"Dur\u00e9e de lecture estim\u00e9e\" \/>\n\t<meta name=\"twitter:data2\" content=\"5 minutes\" \/>\n<script type=\"application\/ld+json\" class=\"yoast-schema-graph\">{\"@context\":\"https:\/\/schema.org\",\"@graph\":[{\"@type\":\"Article\",\"@id\":\"https:\/\/ubcr.be\/ubcrubcr\/newslette-6-aout-2024\/#article\",\"isPartOf\":{\"@id\":\"https:\/\/ubcr.be\/ubcrubcr\/newslette-6-aout-2024\/\"},\"author\":{\"name\":\"UBCR\",\"@id\":\"https:\/\/ubcr.be\/ubcrubcr\/#\/schema\/person\/e2564e0d7b8aa01281ecc8f55d524de3\"},\"headline\":\"Newsletter #6 &#8211; Ao\u00fbt 2024 [Fr+De]\",\"datePublished\":\"2024-09-06T12:49:05+00:00\",\"dateModified\":\"2025-08-09T07:10:39+00:00\",\"mainEntityOfPage\":{\"@id\":\"https:\/\/ubcr.be\/ubcrubcr\/newslette-6-aout-2024\/\"},\"wordCount\":847,\"publisher\":{\"@id\":\"https:\/\/ubcr.be\/ubcrubcr\/#organization\"},\"image\":{\"@id\":\"https:\/\/ubcr.be\/ubcrubcr\/newslette-6-aout-2024\/#primaryimage\"},\"thumbnailUrl\":\"https:\/\/ubcr.be\/ubcrubcr\/wp-content\/uploads\/2024\/09\/Moissons.jpg\",\"articleSection\":[\"Le Blog\",\"Newsletters\"],\"inLanguage\":\"fr-FR\"},{\"@type\":\"WebPage\",\"@id\":\"https:\/\/ubcr.be\/ubcrubcr\/newslette-6-aout-2024\/\",\"url\":\"https:\/\/ubcr.be\/ubcrubcr\/newslette-6-aout-2024\/\",\"name\":\"Newsletter #6 - Ao\u00fbt 2024 [Fr+De] - UBCR\",\"isPartOf\":{\"@id\":\"https:\/\/ubcr.be\/ubcrubcr\/#website\"},\"primaryImageOfPage\":{\"@id\":\"https:\/\/ubcr.be\/ubcrubcr\/newslette-6-aout-2024\/#primaryimage\"},\"image\":{\"@id\":\"https:\/\/ubcr.be\/ubcrubcr\/newslette-6-aout-2024\/#primaryimage\"},\"thumbnailUrl\":\"https:\/\/ubcr.be\/ubcrubcr\/wp-content\/uploads\/2024\/09\/Moissons.jpg\",\"datePublished\":\"2024-09-06T12:49:05+00:00\",\"dateModified\":\"2025-08-09T07:10:39+00:00\",\"breadcrumb\":{\"@id\":\"https:\/\/ubcr.be\/ubcrubcr\/newslette-6-aout-2024\/#breadcrumb\"},\"inLanguage\":\"fr-FR\",\"potentialAction\":[{\"@type\":\"ReadAction\",\"target\":[\"https:\/\/ubcr.be\/ubcrubcr\/newslette-6-aout-2024\/\"]}]},{\"@type\":\"ImageObject\",\"inLanguage\":\"fr-FR\",\"@id\":\"https:\/\/ubcr.be\/ubcrubcr\/newslette-6-aout-2024\/#primaryimage\",\"url\":\"https:\/\/ubcr.be\/ubcrubcr\/wp-content\/uploads\/2024\/09\/Moissons.jpg\",\"contentUrl\":\"https:\/\/ubcr.be\/ubcrubcr\/wp-content\/uploads\/2024\/09\/Moissons.jpg\",\"width\":1280,\"height\":848},{\"@type\":\"BreadcrumbList\",\"@id\":\"https:\/\/ubcr.be\/ubcrubcr\/newslette-6-aout-2024\/#breadcrumb\",\"itemListElement\":[{\"@type\":\"ListItem\",\"position\":1,\"name\":\"Accueil\",\"item\":\"https:\/\/ubcr.be\/ubcrubcr\/\"},{\"@type\":\"ListItem\",\"position\":2,\"name\":\"Newsletter #6 &#8211; Ao\u00fbt 2024 [Fr+De]\"}]},{\"@type\":\"WebSite\",\"@id\":\"https:\/\/ubcr.be\/ubcrubcr\/#website\",\"url\":\"https:\/\/ubcr.be\/ubcrubcr\/\",\"name\":\"UBCR\",\"description\":\"Union Belge de la Chasse et de la Ruralit\u00e9\",\"publisher\":{\"@id\":\"https:\/\/ubcr.be\/ubcrubcr\/#organization\"},\"potentialAction\":[{\"@type\":\"SearchAction\",\"target\":{\"@type\":\"EntryPoint\",\"urlTemplate\":\"https:\/\/ubcr.be\/ubcrubcr\/?s={search_term_string}\"},\"query-input\":{\"@type\":\"PropertyValueSpecification\",\"valueRequired\":true,\"valueName\":\"search_term_string\"}}],\"inLanguage\":\"fr-FR\"},{\"@type\":\"Organization\",\"@id\":\"https:\/\/ubcr.be\/ubcrubcr\/#organization\",\"name\":\"Union Belge de la Chasse et de la ruralit\u00e9\",\"url\":\"https:\/\/ubcr.be\/ubcrubcr\/\",\"logo\":{\"@type\":\"ImageObject\",\"inLanguage\":\"fr-FR\",\"@id\":\"https:\/\/ubcr.be\/ubcrubcr\/#\/schema\/logo\/image\/\",\"url\":\"https:\/\/ubcr.be\/ubcrubcr\/wp-content\/uploads\/2023\/10\/Logo-2023-UBCR_Web3.png\",\"contentUrl\":\"https:\/\/ubcr.be\/ubcrubcr\/wp-content\/uploads\/2023\/10\/Logo-2023-UBCR_Web3.png\",\"width\":381,\"height\":139,\"caption\":\"Union Belge de la Chasse et de la ruralit\u00e9\"},\"image\":{\"@id\":\"https:\/\/ubcr.be\/ubcrubcr\/#\/schema\/logo\/image\/\"}},{\"@type\":\"Person\",\"@id\":\"https:\/\/ubcr.be\/ubcrubcr\/#\/schema\/person\/e2564e0d7b8aa01281ecc8f55d524de3\",\"name\":\"UBCR\",\"image\":{\"@type\":\"ImageObject\",\"inLanguage\":\"fr-FR\",\"@id\":\"https:\/\/ubcr.be\/ubcrubcr\/#\/schema\/person\/image\/\",\"url\":\"https:\/\/secure.gravatar.com\/avatar\/6fcd7489cc5ccf661c39a961500084b7c4d5d708f1e89189a30c5f6e12ba733e?s=96&d=mm&r=g\",\"contentUrl\":\"https:\/\/secure.gravatar.com\/avatar\/6fcd7489cc5ccf661c39a961500084b7c4d5d708f1e89189a30c5f6e12ba733e?s=96&d=mm&r=g\",\"caption\":\"UBCR\"},\"sameAs\":[\"http:\/\/ubcr.be\/ubcrubcr\"],\"url\":\"https:\/\/ubcr.be\/ubcrubcr\/author\/ubcrbelubcr\/\"}]}<\/script>\n<!-- \/ Yoast SEO plugin. -->","yoast_head_json":{"title":"Newsletter #6 - Ao\u00fbt 2024 [Fr+De] - UBCR","robots":{"index":"index","follow":"follow","max-snippet":"max-snippet:-1","max-image-preview":"max-image-preview:large","max-video-preview":"max-video-preview:-1"},"canonical":"https:\/\/ubcr.be\/ubcrubcr\/newslette-6-aout-2024\/","og_locale":"fr_FR","og_type":"article","og_title":"Newsletter #6 - Ao\u00fbt 2024 [Fr+De] - UBCR","og_url":"https:\/\/ubcr.be\/ubcrubcr\/newslette-6-aout-2024\/","og_site_name":"UBCR","article_published_time":"2024-09-06T12:49:05+00:00","article_modified_time":"2025-08-09T07:10:39+00:00","og_image":[{"width":1280,"height":848,"url":"https:\/\/ubcr.be\/ubcrubcr\/wp-content\/uploads\/2024\/09\/Moissons.jpg","type":"image\/jpeg"}],"author":"UBCR","twitter_card":"summary_large_image","twitter_misc":{"\u00c9crit par":"UBCR","Dur\u00e9e de lecture estim\u00e9e":"5 minutes"},"schema":{"@context":"https:\/\/schema.org","@graph":[{"@type":"Article","@id":"https:\/\/ubcr.be\/ubcrubcr\/newslette-6-aout-2024\/#article","isPartOf":{"@id":"https:\/\/ubcr.be\/ubcrubcr\/newslette-6-aout-2024\/"},"author":{"name":"UBCR","@id":"https:\/\/ubcr.be\/ubcrubcr\/#\/schema\/person\/e2564e0d7b8aa01281ecc8f55d524de3"},"headline":"Newsletter #6 &#8211; Ao\u00fbt 2024 [Fr+De]","datePublished":"2024-09-06T12:49:05+00:00","dateModified":"2025-08-09T07:10:39+00:00","mainEntityOfPage":{"@id":"https:\/\/ubcr.be\/ubcrubcr\/newslette-6-aout-2024\/"},"wordCount":847,"publisher":{"@id":"https:\/\/ubcr.be\/ubcrubcr\/#organization"},"image":{"@id":"https:\/\/ubcr.be\/ubcrubcr\/newslette-6-aout-2024\/#primaryimage"},"thumbnailUrl":"https:\/\/ubcr.be\/ubcrubcr\/wp-content\/uploads\/2024\/09\/Moissons.jpg","articleSection":["Le Blog","Newsletters"],"inLanguage":"fr-FR"},{"@type":"WebPage","@id":"https:\/\/ubcr.be\/ubcrubcr\/newslette-6-aout-2024\/","url":"https:\/\/ubcr.be\/ubcrubcr\/newslette-6-aout-2024\/","name":"Newsletter #6 - Ao\u00fbt 2024 [Fr+De] - UBCR","isPartOf":{"@id":"https:\/\/ubcr.be\/ubcrubcr\/#website"},"primaryImageOfPage":{"@id":"https:\/\/ubcr.be\/ubcrubcr\/newslette-6-aout-2024\/#primaryimage"},"image":{"@id":"https:\/\/ubcr.be\/ubcrubcr\/newslette-6-aout-2024\/#primaryimage"},"thumbnailUrl":"https:\/\/ubcr.be\/ubcrubcr\/wp-content\/uploads\/2024\/09\/Moissons.jpg","datePublished":"2024-09-06T12:49:05+00:00","dateModified":"2025-08-09T07:10:39+00:00","breadcrumb":{"@id":"https:\/\/ubcr.be\/ubcrubcr\/newslette-6-aout-2024\/#breadcrumb"},"inLanguage":"fr-FR","potentialAction":[{"@type":"ReadAction","target":["https:\/\/ubcr.be\/ubcrubcr\/newslette-6-aout-2024\/"]}]},{"@type":"ImageObject","inLanguage":"fr-FR","@id":"https:\/\/ubcr.be\/ubcrubcr\/newslette-6-aout-2024\/#primaryimage","url":"https:\/\/ubcr.be\/ubcrubcr\/wp-content\/uploads\/2024\/09\/Moissons.jpg","contentUrl":"https:\/\/ubcr.be\/ubcrubcr\/wp-content\/uploads\/2024\/09\/Moissons.jpg","width":1280,"height":848},{"@type":"BreadcrumbList","@id":"https:\/\/ubcr.be\/ubcrubcr\/newslette-6-aout-2024\/#breadcrumb","itemListElement":[{"@type":"ListItem","position":1,"name":"Accueil","item":"https:\/\/ubcr.be\/ubcrubcr\/"},{"@type":"ListItem","position":2,"name":"Newsletter #6 &#8211; Ao\u00fbt 2024 [Fr+De]"}]},{"@type":"WebSite","@id":"https:\/\/ubcr.be\/ubcrubcr\/#website","url":"https:\/\/ubcr.be\/ubcrubcr\/","name":"UBCR","description":"Union Belge de la Chasse et de la Ruralit\u00e9","publisher":{"@id":"https:\/\/ubcr.be\/ubcrubcr\/#organization"},"potentialAction":[{"@type":"SearchAction","target":{"@type":"EntryPoint","urlTemplate":"https:\/\/ubcr.be\/ubcrubcr\/?s={search_term_string}"},"query-input":{"@type":"PropertyValueSpecification","valueRequired":true,"valueName":"search_term_string"}}],"inLanguage":"fr-FR"},{"@type":"Organization","@id":"https:\/\/ubcr.be\/ubcrubcr\/#organization","name":"Union Belge de la Chasse et de la ruralit\u00e9","url":"https:\/\/ubcr.be\/ubcrubcr\/","logo":{"@type":"ImageObject","inLanguage":"fr-FR","@id":"https:\/\/ubcr.be\/ubcrubcr\/#\/schema\/logo\/image\/","url":"https:\/\/ubcr.be\/ubcrubcr\/wp-content\/uploads\/2023\/10\/Logo-2023-UBCR_Web3.png","contentUrl":"https:\/\/ubcr.be\/ubcrubcr\/wp-content\/uploads\/2023\/10\/Logo-2023-UBCR_Web3.png","width":381,"height":139,"caption":"Union Belge de la Chasse et de la ruralit\u00e9"},"image":{"@id":"https:\/\/ubcr.be\/ubcrubcr\/#\/schema\/logo\/image\/"}},{"@type":"Person","@id":"https:\/\/ubcr.be\/ubcrubcr\/#\/schema\/person\/e2564e0d7b8aa01281ecc8f55d524de3","name":"UBCR","image":{"@type":"ImageObject","inLanguage":"fr-FR","@id":"https:\/\/ubcr.be\/ubcrubcr\/#\/schema\/person\/image\/","url":"https:\/\/secure.gravatar.com\/avatar\/6fcd7489cc5ccf661c39a961500084b7c4d5d708f1e89189a30c5f6e12ba733e?s=96&d=mm&r=g","contentUrl":"https:\/\/secure.gravatar.com\/avatar\/6fcd7489cc5ccf661c39a961500084b7c4d5d708f1e89189a30c5f6e12ba733e?s=96&d=mm&r=g","caption":"UBCR"},"sameAs":["http:\/\/ubcr.be\/ubcrubcr"],"url":"https:\/\/ubcr.be\/ubcrubcr\/author\/ubcrbelubcr\/"}]}},"_links":{"self":[{"href":"https:\/\/ubcr.be\/ubcrubcr\/wp-json\/wp\/v2\/posts\/1087","targetHints":{"allow":["GET"]}}],"collection":[{"href":"https:\/\/ubcr.be\/ubcrubcr\/wp-json\/wp\/v2\/posts"}],"about":[{"href":"https:\/\/ubcr.be\/ubcrubcr\/wp-json\/wp\/v2\/types\/post"}],"author":[{"embeddable":true,"href":"https:\/\/ubcr.be\/ubcrubcr\/wp-json\/wp\/v2\/users\/1"}],"replies":[{"embeddable":true,"href":"https:\/\/ubcr.be\/ubcrubcr\/wp-json\/wp\/v2\/comments?post=1087"}],"version-history":[{"count":3,"href":"https:\/\/ubcr.be\/ubcrubcr\/wp-json\/wp\/v2\/posts\/1087\/revisions"}],"predecessor-version":[{"id":1336,"href":"https:\/\/ubcr.be\/ubcrubcr\/wp-json\/wp\/v2\/posts\/1087\/revisions\/1336"}],"wp:featuredmedia":[{"embeddable":true,"href":"https:\/\/ubcr.be\/ubcrubcr\/wp-json\/wp\/v2\/media\/1088"}],"wp:attachment":[{"href":"https:\/\/ubcr.be\/ubcrubcr\/wp-json\/wp\/v2\/media?parent=1087"}],"wp:term":[{"taxonomy":"category","embeddable":true,"href":"https:\/\/ubcr.be\/ubcrubcr\/wp-json\/wp\/v2\/categories?post=1087"},{"taxonomy":"post_tag","embeddable":true,"href":"https:\/\/ubcr.be\/ubcrubcr\/wp-json\/wp\/v2\/tags?post=1087"}],"curies":[{"name":"wp","href":"https:\/\/api.w.org\/{rel}","templated":true}]}}