{"id":1059,"date":"2024-05-12T11:58:05","date_gmt":"2024-05-12T09:58:05","guid":{"rendered":"https:\/\/ubcr.be\/ubcrubcr\/?p=1059"},"modified":"2024-05-14T12:11:55","modified_gmt":"2024-05-14T10:11:55","slug":"le-re-ensauvagement-un-exemple-de-derive-ecologique","status":"publish","type":"post","link":"https:\/\/ubcr.be\/ubcrubcr\/le-re-ensauvagement-un-exemple-de-derive-ecologique\/","title":{"rendered":"Le r\u00e9-ensauvagement\u00a0: Un exemple de d\u00e9rive \u00e9cologique [Fr+De]"},"content":{"rendered":"\n<div class=\"wp-block-columns is-layout-flex wp-container-core-columns-is-layout-9d6595d7 wp-block-columns-is-layout-flex\">\n<div class=\"wp-block-column is-layout-flow wp-block-column-is-layout-flow\" style=\"flex-basis:10%\"><\/div>\n\n\n\n<div class=\"wp-block-column is-layout-flow wp-block-column-is-layout-flow\" style=\"flex-basis:75%\">\n<div id=\"wp-block-themeisle-blocks-advanced-columns-d72bb5ac\" class=\"wp-block-themeisle-blocks-advanced-columns has-1-columns has-desktop-equal-layout has-tablet-equal-layout has-mobile-equal-layout has-vertical-unset\"><div class=\"wp-block-themeisle-blocks-advanced-columns-overlay\"><\/div><div class=\"innerblocks-wrap\">\n<div id=\"wp-block-themeisle-blocks-advanced-column-9d56ce3d\" class=\"wp-block-themeisle-blocks-advanced-column\">\n<h5><strong><a href=\"#Allemand\"><span style=\"color: #ff0000;\">Auf Deutsch lesen<\/span><\/a><\/strong><\/h5>\n<h5><strong><em>Par Ph Danthine<\/em><\/strong><\/h5>\n<hr>\n<p><img loading=\"lazy\" decoding=\"async\" class=\"size-medium wp-image-1061 alignleft\" src=\"https:\/\/ubcr.be\/ubcrubcr\/wp-content\/uploads\/2024\/05\/Cerfs-Foret-300x200.jpg\" alt=\"\" width=\"300\" height=\"200\" srcset=\"https:\/\/ubcr.be\/ubcrubcr\/wp-content\/uploads\/2024\/05\/Cerfs-Foret-300x200.jpg 300w, https:\/\/ubcr.be\/ubcrubcr\/wp-content\/uploads\/2024\/05\/Cerfs-Foret-1024x683.jpg 1024w, https:\/\/ubcr.be\/ubcrubcr\/wp-content\/uploads\/2024\/05\/Cerfs-Foret-768x512.jpg 768w, https:\/\/ubcr.be\/ubcrubcr\/wp-content\/uploads\/2024\/05\/Cerfs-Foret.jpg 1200w\" sizes=\"auto, (max-width: 300px) 100vw, 300px\" \/>Nous sommes \u00e0 une \u00e9poque ou une certaine mouvance \u00e9cologique essaye d\u2019imposer ses id\u00e9es \u00e0 notre ruralit\u00e9.<\/p>\n<p>Ainsi une nouvelle th\u00e9orie fait son chemin en Europe, le \u00ab r\u00e9-ensauvagement \u00bb.<\/p>\n<p>L\u2019id\u00e9e est de cr\u00e9er de vastes zones de for\u00eats ou autres ou l\u2019intervention de l\u2019homme sera nulle ou minime.<\/p>\n<p>Un projet existe dans la for\u00eat ardennaise, \u00e0 cheval entre les Ardennes Fran\u00e7aises et la r\u00e9gion de Couvin.<\/p>\n<p>L\u2019id\u00e9e est de sanctuariser 70 000 ha de for\u00eat ardennaise : pas d\u2019exploitation foresti\u00e8re, pas d\u2019am\u00e9nagement, pas de gestion des arbres morts, la nature organise sa biodiversit\u00e9\u2026<\/p>\n<p>On estime qu\u2019il faut 800 ans pour revenir \u00e0 une for\u00eat primaire\u2026<\/p>\n<p>Utopie.<\/p>\n<p>La France a dit non et les communes ardennaises n\u2019accompagnent pas le projet.<\/p>\n<p>C\u2019est une \u00e9cologie hors sol faisant fi des r\u00e9alit\u00e9s \u00e9conomiques.<\/p>\n<p>Nous, ruraux et chasseurs, nous d\u00e9fendons une recherche de biodiversit\u00e9 active.<\/p>\n<p>Cette biodiversit\u00e9 nous la d\u00e9fendons en r\u00e9gulant les esp\u00e8ces invasives, en essayant d\u2019adapter les esp\u00e8ces chassables aux disponibilit\u00e9s du milieu, en pr\u00f4nant pour une r\u00e9gulation des pr\u00e9dateurs en surnombre.<\/p>\n<p>Nous ne croyons pas en une autor\u00e9gulation b\u00e9ate.<\/p>\n<p>D\u00e9fendons de fa\u00e7on forte cette vision de notre gestion de la nature et n\u2019acceptons pas les d\u00e9rives fanatiques, la nature s\u2019en portera mieux\u2026<\/p>\n\n\n\n<div style=\"height:30px\" aria-hidden=\"true\" class=\"wp-block-spacer\"><\/div>\n\n\n\n<hr class=\"wp-block-separator has-alpha-channel-opacity is-style-wide\"\/>\n\n\n\n<h2 id=\"Allemand\" class=\"wp-block-themeisle-blocks-advanced-heading Allemand\"><strong>Zur\u00fcck zum Urwald: Ein Beispiel f\u00fcr einen \u00f6kologischen Irrweg<\/strong><\/h2>\n\n\n\n<p><img loading=\"lazy\" decoding=\"async\" class=\"size-medium wp-image-1061 alignleft\" src=\"https:\/\/ubcr.be\/ubcrubcr\/wp-content\/uploads\/2024\/05\/Cerfs-Foret-300x200.jpg\" alt=\"\" width=\"300\" height=\"200\" srcset=\"https:\/\/ubcr.be\/ubcrubcr\/wp-content\/uploads\/2024\/05\/Cerfs-Foret-300x200.jpg 300w, https:\/\/ubcr.be\/ubcrubcr\/wp-content\/uploads\/2024\/05\/Cerfs-Foret-1024x683.jpg 1024w, https:\/\/ubcr.be\/ubcrubcr\/wp-content\/uploads\/2024\/05\/Cerfs-Foret-768x512.jpg 768w, https:\/\/ubcr.be\/ubcrubcr\/wp-content\/uploads\/2024\/05\/Cerfs-Foret.jpg 1200w\" sizes=\"auto, (max-width: 300px) 100vw, 300px\" \/>Wir befinden uns in einer Zeit, in der eine gewisse \u00f6kologische Bewegung versucht, ihre Ideen in unserem l\u00e4ndlichen Raum durchzusetzen.<\/p>\n<p>So h\u00e4lt eine neue Theorie Einzug in Europa: \u00ab\u00a0Zur\u00fcck zum Urwald\u00a0\u00bb.<\/p>\n<p>Die Idee ist, gro\u00dfe Wald- oder andere Gebiete zu schaffen, in denen der Mensch nicht oder nur minimal eingreift..<\/p>\n<p>Ein Projekt gibt es im Ardenner Wald, der sich zwischen den franz\u00f6sischen Ardennen und der Region von Couvin befindet.<\/p>\n<p>Die Idee ist, 70.000 ha des Ardenner Waldes unber\u00fchrt zu lassen: keine Holzeinschl\u00e4ge, keine Erschlie\u00dfung, keine Verwertung toter B\u00e4ume. Die Natur organisiert ihre Biodiversit\u00e4t selbst.<\/p>\n<p>Man sch\u00e4tzt, dass es 800 Jahre dauert, um zu einem Prim\u00e4rwald zur\u00fcckzukehren&#8230;<\/p>\n<p>Utopie.<\/p>\n<p>Frankreich hat Nein gesagt, und die Ardenner Gemeinden begleiten das Projekt ebenfalls nicht.<\/p>\n<p>Es handelt sich um eine \u00d6kologie au\u00dferhalb des Bodens, die die wirtschaftlichen Realit\u00e4ten ignoriert.<\/p>\n<p>Wir, die Landbev\u00f6lkerung und die J\u00e4ger, treten f\u00fcr eine aktive Suche nach Biodiversit\u00e4t ein.<\/p>\n<p>Diese Biodiversit\u00e4t verteidigen wir, indem wir invasive Arten &nbsp;regulieren und versuchen die jagdbaren Arten an die Verf\u00fcgbarkeit der Umwelt anzupassen&nbsp; Wir treten f\u00fcr eine Regulierung von \u00fcberz\u00e4hligem Raubwild ein.<\/p>\n<p>Wir glauben nicht an eine seligmachende Selbstregulierung.<\/p>\n<p>Wir m\u00fcssen diese Vision unseres Umgangs mit der Natur mit Nachdruck verteidigen und d\u00fcrfen diese Fantastereien nicht zulassen. Die Natur wird es uns danken.<\/p>\n<\/div>\n<\/div><\/div>\n<\/div>\n\n\n\n<div class=\"wp-block-column is-layout-flow wp-block-column-is-layout-flow\" style=\"flex-basis:10%\"><\/div>\n<\/div>\n","protected":false},"excerpt":{"rendered":"","protected":false},"author":1,"featured_media":1061,"comment_status":"closed","ping_status":"closed","sticky":false,"template":"","format":"standard","meta":{"ngg_post_thumbnail":0,"ocean_post_layout":"","ocean_both_sidebars_style":"","ocean_both_sidebars_content_width":0,"ocean_both_sidebars_sidebars_width":0,"ocean_sidebar":"","ocean_second_sidebar":"","ocean_disable_margins":"enable","ocean_add_body_class":"","ocean_shortcode_before_top_bar":"","ocean_shortcode_after_top_bar":"","ocean_shortcode_before_header":"","ocean_shortcode_after_header":"","ocean_has_shortcode":"","ocean_shortcode_after_title":"","ocean_shortcode_before_footer_widgets":"","ocean_shortcode_after_footer_widgets":"","ocean_shortcode_before_footer_bottom":"","ocean_shortcode_after_footer_bottom":"","ocean_display_top_bar":"default","ocean_display_header":"default","ocean_header_style":"","ocean_center_header_left_menu":"","ocean_custom_header_template":"","ocean_custom_logo":0,"ocean_custom_retina_logo":0,"ocean_custom_logo_max_width":0,"ocean_custom_logo_tablet_max_width":0,"ocean_custom_logo_mobile_max_width":0,"ocean_custom_logo_max_height":0,"ocean_custom_logo_tablet_max_height":0,"ocean_custom_logo_mobile_max_height":0,"ocean_header_custom_menu":"","ocean_menu_typo_font_family":"","ocean_menu_typo_font_subset":"","ocean_menu_typo_font_size":0,"ocean_menu_typo_font_size_tablet":0,"ocean_menu_typo_font_size_mobile":0,"ocean_menu_typo_font_size_unit":"px","ocean_menu_typo_font_weight":"","ocean_menu_typo_font_weight_tablet":"","ocean_menu_typo_font_weight_mobile":"","ocean_menu_typo_transform":"","ocean_menu_typo_transform_tablet":"","ocean_menu_typo_transform_mobile":"","ocean_menu_typo_line_height":0,"ocean_menu_typo_line_height_tablet":0,"ocean_menu_typo_line_height_mobile":0,"ocean_menu_typo_line_height_unit":"","ocean_menu_typo_spacing":0,"ocean_menu_typo_spacing_tablet":0,"ocean_menu_typo_spacing_mobile":0,"ocean_menu_typo_spacing_unit":"","ocean_menu_link_color":"","ocean_menu_link_color_hover":"","ocean_menu_link_color_active":"","ocean_menu_link_background":"","ocean_menu_link_hover_background":"","ocean_menu_link_active_background":"","ocean_menu_social_links_bg":"","ocean_menu_social_hover_links_bg":"","ocean_menu_social_links_color":"","ocean_menu_social_hover_links_color":"","ocean_disable_title":"default","ocean_disable_heading":"default","ocean_post_title":"","ocean_post_subheading":"","ocean_post_title_style":"","ocean_post_title_background_color":"","ocean_post_title_background":0,"ocean_post_title_bg_image_position":"","ocean_post_title_bg_image_attachment":"","ocean_post_title_bg_image_repeat":"","ocean_post_title_bg_image_size":"","ocean_post_title_height":0,"ocean_post_title_bg_overlay":0.5,"ocean_post_title_bg_overlay_color":"","ocean_disable_breadcrumbs":"default","ocean_breadcrumbs_color":"","ocean_breadcrumbs_separator_color":"","ocean_breadcrumbs_links_color":"","ocean_breadcrumbs_links_hover_color":"","ocean_display_footer_widgets":"default","ocean_display_footer_bottom":"default","ocean_custom_footer_template":"","_themeisle_gutenberg_block_has_review":false,"ocean_post_oembed":"","ocean_post_self_hosted_media":"","ocean_post_video_embed":"","ocean_link_format":"","ocean_link_format_target":"self","ocean_quote_format":"","ocean_quote_format_link":"post","ocean_gallery_link_images":"on","ocean_gallery_id":[],"footnotes":""},"categories":[20,8],"tags":[],"class_list":["post-1059","post","type-post","status-publish","format-standard","has-post-thumbnail","hentry","category-le-blog","category-publications","entry","has-media"],"yoast_head":"<!-- This site is optimized with the Yoast SEO plugin v27.0 - https:\/\/yoast.com\/product\/yoast-seo-wordpress\/ -->\n<title>Le r\u00e9-ensauvagement\u00a0: Un exemple de d\u00e9rive \u00e9cologique [Fr+De] - UBCR<\/title>\n<meta name=\"robots\" content=\"index, follow, max-snippet:-1, max-image-preview:large, max-video-preview:-1\" \/>\n<link rel=\"canonical\" href=\"https:\/\/ubcr.be\/ubcrubcr\/le-re-ensauvagement-un-exemple-de-derive-ecologique\/\" \/>\n<meta property=\"og:locale\" content=\"fr_FR\" \/>\n<meta property=\"og:type\" content=\"article\" \/>\n<meta property=\"og:title\" content=\"Le r\u00e9-ensauvagement\u00a0: Un exemple de d\u00e9rive \u00e9cologique [Fr+De] - UBCR\" \/>\n<meta property=\"og:url\" content=\"https:\/\/ubcr.be\/ubcrubcr\/le-re-ensauvagement-un-exemple-de-derive-ecologique\/\" \/>\n<meta property=\"og:site_name\" content=\"UBCR\" \/>\n<meta property=\"article:published_time\" content=\"2024-05-12T09:58:05+00:00\" \/>\n<meta property=\"article:modified_time\" content=\"2024-05-14T10:11:55+00:00\" \/>\n<meta property=\"og:image\" content=\"https:\/\/ubcr.be\/ubcrubcr\/wp-content\/uploads\/2024\/05\/Cerfs-Foret.jpg\" \/>\n\t<meta property=\"og:image:width\" content=\"1200\" \/>\n\t<meta property=\"og:image:height\" content=\"800\" \/>\n\t<meta property=\"og:image:type\" content=\"image\/jpeg\" \/>\n<meta name=\"author\" content=\"UBCR\" \/>\n<meta name=\"twitter:card\" content=\"summary_large_image\" \/>\n<meta name=\"twitter:label1\" content=\"\u00c9crit par\" \/>\n\t<meta name=\"twitter:data1\" content=\"UBCR\" \/>\n\t<meta name=\"twitter:label2\" content=\"Dur\u00e9e de lecture estim\u00e9e\" \/>\n\t<meta name=\"twitter:data2\" content=\"3 minutes\" \/>\n<script type=\"application\/ld+json\" class=\"yoast-schema-graph\">{\"@context\":\"https:\/\/schema.org\",\"@graph\":[{\"@type\":\"Article\",\"@id\":\"https:\/\/ubcr.be\/ubcrubcr\/le-re-ensauvagement-un-exemple-de-derive-ecologique\/#article\",\"isPartOf\":{\"@id\":\"https:\/\/ubcr.be\/ubcrubcr\/le-re-ensauvagement-un-exemple-de-derive-ecologique\/\"},\"author\":{\"name\":\"UBCR\",\"@id\":\"https:\/\/ubcr.be\/ubcrubcr\/#\/schema\/person\/e2564e0d7b8aa01281ecc8f55d524de3\"},\"headline\":\"Le r\u00e9-ensauvagement\u00a0: Un exemple de d\u00e9rive \u00e9cologique [Fr+De]\",\"datePublished\":\"2024-05-12T09:58:05+00:00\",\"dateModified\":\"2024-05-14T10:11:55+00:00\",\"mainEntityOfPage\":{\"@id\":\"https:\/\/ubcr.be\/ubcrubcr\/le-re-ensauvagement-un-exemple-de-derive-ecologique\/\"},\"wordCount\":495,\"publisher\":{\"@id\":\"https:\/\/ubcr.be\/ubcrubcr\/#organization\"},\"image\":{\"@id\":\"https:\/\/ubcr.be\/ubcrubcr\/le-re-ensauvagement-un-exemple-de-derive-ecologique\/#primaryimage\"},\"thumbnailUrl\":\"https:\/\/ubcr.be\/ubcrubcr\/wp-content\/uploads\/2024\/05\/Cerfs-Foret.jpg\",\"articleSection\":[\"Le Blog\",\"Publications\"],\"inLanguage\":\"fr-FR\"},{\"@type\":\"WebPage\",\"@id\":\"https:\/\/ubcr.be\/ubcrubcr\/le-re-ensauvagement-un-exemple-de-derive-ecologique\/\",\"url\":\"https:\/\/ubcr.be\/ubcrubcr\/le-re-ensauvagement-un-exemple-de-derive-ecologique\/\",\"name\":\"Le r\u00e9-ensauvagement\u00a0: Un exemple de d\u00e9rive \u00e9cologique [Fr+De] - UBCR\",\"isPartOf\":{\"@id\":\"https:\/\/ubcr.be\/ubcrubcr\/#website\"},\"primaryImageOfPage\":{\"@id\":\"https:\/\/ubcr.be\/ubcrubcr\/le-re-ensauvagement-un-exemple-de-derive-ecologique\/#primaryimage\"},\"image\":{\"@id\":\"https:\/\/ubcr.be\/ubcrubcr\/le-re-ensauvagement-un-exemple-de-derive-ecologique\/#primaryimage\"},\"thumbnailUrl\":\"https:\/\/ubcr.be\/ubcrubcr\/wp-content\/uploads\/2024\/05\/Cerfs-Foret.jpg\",\"datePublished\":\"2024-05-12T09:58:05+00:00\",\"dateModified\":\"2024-05-14T10:11:55+00:00\",\"breadcrumb\":{\"@id\":\"https:\/\/ubcr.be\/ubcrubcr\/le-re-ensauvagement-un-exemple-de-derive-ecologique\/#breadcrumb\"},\"inLanguage\":\"fr-FR\",\"potentialAction\":[{\"@type\":\"ReadAction\",\"target\":[\"https:\/\/ubcr.be\/ubcrubcr\/le-re-ensauvagement-un-exemple-de-derive-ecologique\/\"]}]},{\"@type\":\"ImageObject\",\"inLanguage\":\"fr-FR\",\"@id\":\"https:\/\/ubcr.be\/ubcrubcr\/le-re-ensauvagement-un-exemple-de-derive-ecologique\/#primaryimage\",\"url\":\"https:\/\/ubcr.be\/ubcrubcr\/wp-content\/uploads\/2024\/05\/Cerfs-Foret.jpg\",\"contentUrl\":\"https:\/\/ubcr.be\/ubcrubcr\/wp-content\/uploads\/2024\/05\/Cerfs-Foret.jpg\",\"width\":1200,\"height\":800},{\"@type\":\"BreadcrumbList\",\"@id\":\"https:\/\/ubcr.be\/ubcrubcr\/le-re-ensauvagement-un-exemple-de-derive-ecologique\/#breadcrumb\",\"itemListElement\":[{\"@type\":\"ListItem\",\"position\":1,\"name\":\"Accueil\",\"item\":\"https:\/\/ubcr.be\/ubcrubcr\/\"},{\"@type\":\"ListItem\",\"position\":2,\"name\":\"Le r\u00e9-ensauvagement\u00a0: Un exemple de d\u00e9rive \u00e9cologique [Fr+De]\"}]},{\"@type\":\"WebSite\",\"@id\":\"https:\/\/ubcr.be\/ubcrubcr\/#website\",\"url\":\"https:\/\/ubcr.be\/ubcrubcr\/\",\"name\":\"UBCR\",\"description\":\"Union Belge de la Chasse et de la Ruralit\u00e9\",\"publisher\":{\"@id\":\"https:\/\/ubcr.be\/ubcrubcr\/#organization\"},\"potentialAction\":[{\"@type\":\"SearchAction\",\"target\":{\"@type\":\"EntryPoint\",\"urlTemplate\":\"https:\/\/ubcr.be\/ubcrubcr\/?s={search_term_string}\"},\"query-input\":{\"@type\":\"PropertyValueSpecification\",\"valueRequired\":true,\"valueName\":\"search_term_string\"}}],\"inLanguage\":\"fr-FR\"},{\"@type\":\"Organization\",\"@id\":\"https:\/\/ubcr.be\/ubcrubcr\/#organization\",\"name\":\"Union Belge de la Chasse et de la ruralit\u00e9\",\"url\":\"https:\/\/ubcr.be\/ubcrubcr\/\",\"logo\":{\"@type\":\"ImageObject\",\"inLanguage\":\"fr-FR\",\"@id\":\"https:\/\/ubcr.be\/ubcrubcr\/#\/schema\/logo\/image\/\",\"url\":\"https:\/\/ubcr.be\/ubcrubcr\/wp-content\/uploads\/2023\/10\/Logo-2023-UBCR_Web3.png\",\"contentUrl\":\"https:\/\/ubcr.be\/ubcrubcr\/wp-content\/uploads\/2023\/10\/Logo-2023-UBCR_Web3.png\",\"width\":381,\"height\":139,\"caption\":\"Union Belge de la Chasse et de la ruralit\u00e9\"},\"image\":{\"@id\":\"https:\/\/ubcr.be\/ubcrubcr\/#\/schema\/logo\/image\/\"}},{\"@type\":\"Person\",\"@id\":\"https:\/\/ubcr.be\/ubcrubcr\/#\/schema\/person\/e2564e0d7b8aa01281ecc8f55d524de3\",\"name\":\"UBCR\",\"image\":{\"@type\":\"ImageObject\",\"inLanguage\":\"fr-FR\",\"@id\":\"https:\/\/ubcr.be\/ubcrubcr\/#\/schema\/person\/image\/\",\"url\":\"https:\/\/secure.gravatar.com\/avatar\/6fcd7489cc5ccf661c39a961500084b7c4d5d708f1e89189a30c5f6e12ba733e?s=96&d=mm&r=g\",\"contentUrl\":\"https:\/\/secure.gravatar.com\/avatar\/6fcd7489cc5ccf661c39a961500084b7c4d5d708f1e89189a30c5f6e12ba733e?s=96&d=mm&r=g\",\"caption\":\"UBCR\"},\"sameAs\":[\"http:\/\/ubcr.be\/ubcrubcr\"],\"url\":\"https:\/\/ubcr.be\/ubcrubcr\/author\/ubcrbelubcr\/\"}]}<\/script>\n<!-- \/ Yoast SEO plugin. -->","yoast_head_json":{"title":"Le r\u00e9-ensauvagement\u00a0: Un exemple de d\u00e9rive \u00e9cologique [Fr+De] - UBCR","robots":{"index":"index","follow":"follow","max-snippet":"max-snippet:-1","max-image-preview":"max-image-preview:large","max-video-preview":"max-video-preview:-1"},"canonical":"https:\/\/ubcr.be\/ubcrubcr\/le-re-ensauvagement-un-exemple-de-derive-ecologique\/","og_locale":"fr_FR","og_type":"article","og_title":"Le r\u00e9-ensauvagement\u00a0: Un exemple de d\u00e9rive \u00e9cologique [Fr+De] - UBCR","og_url":"https:\/\/ubcr.be\/ubcrubcr\/le-re-ensauvagement-un-exemple-de-derive-ecologique\/","og_site_name":"UBCR","article_published_time":"2024-05-12T09:58:05+00:00","article_modified_time":"2024-05-14T10:11:55+00:00","og_image":[{"width":1200,"height":800,"url":"https:\/\/ubcr.be\/ubcrubcr\/wp-content\/uploads\/2024\/05\/Cerfs-Foret.jpg","type":"image\/jpeg"}],"author":"UBCR","twitter_card":"summary_large_image","twitter_misc":{"\u00c9crit par":"UBCR","Dur\u00e9e de lecture estim\u00e9e":"3 minutes"},"schema":{"@context":"https:\/\/schema.org","@graph":[{"@type":"Article","@id":"https:\/\/ubcr.be\/ubcrubcr\/le-re-ensauvagement-un-exemple-de-derive-ecologique\/#article","isPartOf":{"@id":"https:\/\/ubcr.be\/ubcrubcr\/le-re-ensauvagement-un-exemple-de-derive-ecologique\/"},"author":{"name":"UBCR","@id":"https:\/\/ubcr.be\/ubcrubcr\/#\/schema\/person\/e2564e0d7b8aa01281ecc8f55d524de3"},"headline":"Le r\u00e9-ensauvagement\u00a0: Un exemple de d\u00e9rive \u00e9cologique [Fr+De]","datePublished":"2024-05-12T09:58:05+00:00","dateModified":"2024-05-14T10:11:55+00:00","mainEntityOfPage":{"@id":"https:\/\/ubcr.be\/ubcrubcr\/le-re-ensauvagement-un-exemple-de-derive-ecologique\/"},"wordCount":495,"publisher":{"@id":"https:\/\/ubcr.be\/ubcrubcr\/#organization"},"image":{"@id":"https:\/\/ubcr.be\/ubcrubcr\/le-re-ensauvagement-un-exemple-de-derive-ecologique\/#primaryimage"},"thumbnailUrl":"https:\/\/ubcr.be\/ubcrubcr\/wp-content\/uploads\/2024\/05\/Cerfs-Foret.jpg","articleSection":["Le Blog","Publications"],"inLanguage":"fr-FR"},{"@type":"WebPage","@id":"https:\/\/ubcr.be\/ubcrubcr\/le-re-ensauvagement-un-exemple-de-derive-ecologique\/","url":"https:\/\/ubcr.be\/ubcrubcr\/le-re-ensauvagement-un-exemple-de-derive-ecologique\/","name":"Le r\u00e9-ensauvagement\u00a0: Un exemple de d\u00e9rive \u00e9cologique [Fr+De] - UBCR","isPartOf":{"@id":"https:\/\/ubcr.be\/ubcrubcr\/#website"},"primaryImageOfPage":{"@id":"https:\/\/ubcr.be\/ubcrubcr\/le-re-ensauvagement-un-exemple-de-derive-ecologique\/#primaryimage"},"image":{"@id":"https:\/\/ubcr.be\/ubcrubcr\/le-re-ensauvagement-un-exemple-de-derive-ecologique\/#primaryimage"},"thumbnailUrl":"https:\/\/ubcr.be\/ubcrubcr\/wp-content\/uploads\/2024\/05\/Cerfs-Foret.jpg","datePublished":"2024-05-12T09:58:05+00:00","dateModified":"2024-05-14T10:11:55+00:00","breadcrumb":{"@id":"https:\/\/ubcr.be\/ubcrubcr\/le-re-ensauvagement-un-exemple-de-derive-ecologique\/#breadcrumb"},"inLanguage":"fr-FR","potentialAction":[{"@type":"ReadAction","target":["https:\/\/ubcr.be\/ubcrubcr\/le-re-ensauvagement-un-exemple-de-derive-ecologique\/"]}]},{"@type":"ImageObject","inLanguage":"fr-FR","@id":"https:\/\/ubcr.be\/ubcrubcr\/le-re-ensauvagement-un-exemple-de-derive-ecologique\/#primaryimage","url":"https:\/\/ubcr.be\/ubcrubcr\/wp-content\/uploads\/2024\/05\/Cerfs-Foret.jpg","contentUrl":"https:\/\/ubcr.be\/ubcrubcr\/wp-content\/uploads\/2024\/05\/Cerfs-Foret.jpg","width":1200,"height":800},{"@type":"BreadcrumbList","@id":"https:\/\/ubcr.be\/ubcrubcr\/le-re-ensauvagement-un-exemple-de-derive-ecologique\/#breadcrumb","itemListElement":[{"@type":"ListItem","position":1,"name":"Accueil","item":"https:\/\/ubcr.be\/ubcrubcr\/"},{"@type":"ListItem","position":2,"name":"Le r\u00e9-ensauvagement\u00a0: Un exemple de d\u00e9rive \u00e9cologique [Fr+De]"}]},{"@type":"WebSite","@id":"https:\/\/ubcr.be\/ubcrubcr\/#website","url":"https:\/\/ubcr.be\/ubcrubcr\/","name":"UBCR","description":"Union Belge de la Chasse et de la Ruralit\u00e9","publisher":{"@id":"https:\/\/ubcr.be\/ubcrubcr\/#organization"},"potentialAction":[{"@type":"SearchAction","target":{"@type":"EntryPoint","urlTemplate":"https:\/\/ubcr.be\/ubcrubcr\/?s={search_term_string}"},"query-input":{"@type":"PropertyValueSpecification","valueRequired":true,"valueName":"search_term_string"}}],"inLanguage":"fr-FR"},{"@type":"Organization","@id":"https:\/\/ubcr.be\/ubcrubcr\/#organization","name":"Union Belge de la Chasse et de la ruralit\u00e9","url":"https:\/\/ubcr.be\/ubcrubcr\/","logo":{"@type":"ImageObject","inLanguage":"fr-FR","@id":"https:\/\/ubcr.be\/ubcrubcr\/#\/schema\/logo\/image\/","url":"https:\/\/ubcr.be\/ubcrubcr\/wp-content\/uploads\/2023\/10\/Logo-2023-UBCR_Web3.png","contentUrl":"https:\/\/ubcr.be\/ubcrubcr\/wp-content\/uploads\/2023\/10\/Logo-2023-UBCR_Web3.png","width":381,"height":139,"caption":"Union Belge de la Chasse et de la ruralit\u00e9"},"image":{"@id":"https:\/\/ubcr.be\/ubcrubcr\/#\/schema\/logo\/image\/"}},{"@type":"Person","@id":"https:\/\/ubcr.be\/ubcrubcr\/#\/schema\/person\/e2564e0d7b8aa01281ecc8f55d524de3","name":"UBCR","image":{"@type":"ImageObject","inLanguage":"fr-FR","@id":"https:\/\/ubcr.be\/ubcrubcr\/#\/schema\/person\/image\/","url":"https:\/\/secure.gravatar.com\/avatar\/6fcd7489cc5ccf661c39a961500084b7c4d5d708f1e89189a30c5f6e12ba733e?s=96&d=mm&r=g","contentUrl":"https:\/\/secure.gravatar.com\/avatar\/6fcd7489cc5ccf661c39a961500084b7c4d5d708f1e89189a30c5f6e12ba733e?s=96&d=mm&r=g","caption":"UBCR"},"sameAs":["http:\/\/ubcr.be\/ubcrubcr"],"url":"https:\/\/ubcr.be\/ubcrubcr\/author\/ubcrbelubcr\/"}]}},"_links":{"self":[{"href":"https:\/\/ubcr.be\/ubcrubcr\/wp-json\/wp\/v2\/posts\/1059","targetHints":{"allow":["GET"]}}],"collection":[{"href":"https:\/\/ubcr.be\/ubcrubcr\/wp-json\/wp\/v2\/posts"}],"about":[{"href":"https:\/\/ubcr.be\/ubcrubcr\/wp-json\/wp\/v2\/types\/post"}],"author":[{"embeddable":true,"href":"https:\/\/ubcr.be\/ubcrubcr\/wp-json\/wp\/v2\/users\/1"}],"replies":[{"embeddable":true,"href":"https:\/\/ubcr.be\/ubcrubcr\/wp-json\/wp\/v2\/comments?post=1059"}],"version-history":[{"count":4,"href":"https:\/\/ubcr.be\/ubcrubcr\/wp-json\/wp\/v2\/posts\/1059\/revisions"}],"predecessor-version":[{"id":1070,"href":"https:\/\/ubcr.be\/ubcrubcr\/wp-json\/wp\/v2\/posts\/1059\/revisions\/1070"}],"wp:featuredmedia":[{"embeddable":true,"href":"https:\/\/ubcr.be\/ubcrubcr\/wp-json\/wp\/v2\/media\/1061"}],"wp:attachment":[{"href":"https:\/\/ubcr.be\/ubcrubcr\/wp-json\/wp\/v2\/media?parent=1059"}],"wp:term":[{"taxonomy":"category","embeddable":true,"href":"https:\/\/ubcr.be\/ubcrubcr\/wp-json\/wp\/v2\/categories?post=1059"},{"taxonomy":"post_tag","embeddable":true,"href":"https:\/\/ubcr.be\/ubcrubcr\/wp-json\/wp\/v2\/tags?post=1059"}],"curies":[{"name":"wp","href":"https:\/\/api.w.org\/{rel}","templated":true}]}}