{"id":1005,"date":"2024-03-16T18:30:15","date_gmt":"2024-03-16T17:30:15","guid":{"rendered":"https:\/\/ubcr.be\/ubcrubcr\/?p=1005"},"modified":"2024-03-16T18:33:11","modified_gmt":"2024-03-16T17:33:11","slug":"recit-fiction-et-si-la-chasse-etait-interdite","status":"publish","type":"post","link":"https:\/\/ubcr.be\/ubcrubcr\/recit-fiction-et-si-la-chasse-etait-interdite\/","title":{"rendered":"R\u00e9cit-fiction : Et si la chasse \u00e9tait interdite&#8230; [Fr]"},"content":{"rendered":"\n<div class=\"wp-block-columns is-layout-flex wp-container-core-columns-is-layout-9d6595d7 wp-block-columns-is-layout-flex\">\n<div class=\"wp-block-column is-layout-flow wp-block-column-is-layout-flow\" style=\"flex-basis:10%\"><\/div>\n\n\n\n<div class=\"wp-block-column is-layout-flow wp-block-column-is-layout-flow\" style=\"flex-basis:75%\">\n<div id=\"wp-block-themeisle-blocks-advanced-columns-d72bb5ac\" class=\"wp-block-themeisle-blocks-advanced-columns has-1-columns has-desktop-equal-layout has-tablet-equal-layout has-mobile-equal-layout has-vertical-unset\"><div class=\"wp-block-themeisle-blocks-advanced-columns-overlay\"><\/div><div class=\"innerblocks-wrap\">\n<div id=\"wp-block-themeisle-blocks-advanced-column-9d56ce3d\" class=\"wp-block-themeisle-blocks-advanced-column\">\n<h5><em>Par&nbsp;<\/em>Philippe Danthine<\/h5>\n<hr>\n<p><strong><img loading=\"lazy\" decoding=\"async\" style=\"float: left; margin-right: 5px; width: 300px; max-width: 50%;\" src=\"https:\/\/ubcr.be\/ubcrubcr\/wp-content\/uploads\/2024\/03\/Chasse-Interdite.jpg&quot;\" alt=\"\" width=\"300\" height=\"200\"><\/strong><\/p>\n<p><strong>Septembre 2035, l\u2019heure est \u00e0 la nostalgie. Depuis 5 ans, la chasse est ferm\u00e9e et m\u00eame interdite dans toute la Belgique. Les opposants ont r\u00e9ussi \u00e0 faire voter, dans chacune des r\u00e9gions du pays, une loi, d\u00e9cret ou ordonnance supprimant la chasse, texte doubl\u00e9 d\u2019une protection int\u00e9grale de tous les pr\u00e9dateurs, qu\u2019ils soient \u00e0 plumes, \u00e0 poils, \u00e0 \u00e9cailles, \u00e0 sang chaud ou \u00e0 sang froid\u2026<\/strong><\/p>\n<h3><span style=\"color: #ea631b;\">En plaine<\/span><\/h3>\n<p>M\u00eame si, depuis 10 ans, l\u2019agriculture a fait des progr\u00e8s au niveau \u00e9cologique, les campagnes sont devenues des d\u00e9serts. Plus personne ne fait des am\u00e9nagements pour la petite faune, plus aucune am\u00e9lioration des biotopes et aucune restauration des habitats. Les becs droits et crochus en surnombre d\u00e9truisent syst\u00e9matiquement tous les nids et toutes les nich\u00e9es. Renards, blaireaux et autres ratons laveurs ach\u00e8vent toute la petite faune dont les rares survivants tombent sous la dent des b\u00eates noires qui r\u00e8gnent en ma\u00eetre sur la plaine.<\/p>\n<h3><span style=\"color: #ea631b;\">Dans les bois et massifs forestiers<\/span><\/h3>\n<p>Pour r\u00e9guler le grand gibier, chaque r\u00e9gion a cr\u00e9\u00e9 sa brigade d\u2019intervention, bien \u00e9quip\u00e9e y compris pour le tir de nuit.<\/p>\n<p>Au d\u00e9but, cela semblait fonctionner plus ou moins bien, mais, tr\u00e8s vite, le grand gibier est devenu de plus en plus m\u00e9fiant. Il s\u2019est adapt\u00e9, adoptant des comportements assurant sa survie. D\u00e8s lors, il est de plus en plus difficile \u00e0 r\u00e9guler m\u00eame par pi\u00e9geage.<\/p>\n<h3><span style=\"color: #ea631b;\">En Wallonie<\/span><\/h3>\n<p>Les moyens de la Wallonie \u00e9tant ce qu\u2019ils sont, les agents recrut\u00e9s sont trop peu nombreux et vite us\u00e9s par ces t\u00e2ches souvent nocturnes.<\/p>\n<p>Les d\u00e9fections se succ\u00e8dent, m\u00eame parmi les plus acharn\u00e9s du tir.<\/p>\n<p>En fait, certains comptaient sur la r\u00e9gulation par le loup.<\/p>\n<p>En cette ann\u00e9e 2035, 5 meutes sont reconnues \u00e9tablies en Belgique, deux dans les provinces d\u2019Anvers et du Limbourg, une en province de Li\u00e8ge, \u00e0 cheval sur la fronti\u00e8re allemande, notamment sur le plateau de l\u2019Eiffel, fr\u00e9quent\u00e9 en outre par 2 ou 3 lynx et les premiers chacals dor\u00e9s, une quatri\u00e8me dans le sud de la province de Luxembourg et la derni\u00e8re dans le grand massif ardennais de la Meuse, r\u00e9parti entre la province de Namur et le d\u00e9partement des Ardennes ou les loups partagent leur territoire avec le premier ours vu, fin 2030,sur 2 pi\u00e8ges photographiques..<\/p>\n<p>Pour sauver leur cheptel, les \u00e9leveurs doivent rentrer les animaux la nuit. Il faut subventionner des cl\u00f4tures renforc\u00e9es. Il faut indemniser les animaux perdus.<\/p>\n<p><span style=\"color: #000000;\">La Wallonie passe \u00e0 la caisse\u2026<\/span><\/p>\n<p>La population de chevreuils d\u00e9cro\u00eet. Il a presque disparu des for\u00eats pour se r\u00e9fugier pr\u00e8s des habitations ou, maintenant, il occasionne des d\u00e9g\u00e2ts dans les jardins et potagers.<\/p>\n<p>Les grands ongul\u00e9s ont aussi adapt\u00e9 leurs m\u0153urs face \u00e0 la menace, notamment en se regroupant en hardes plus importantes. Ils sont plus farouches et stress\u00e9s. Les abroutissements li\u00e9s au stress sont en augmentation. La Wallonie passe \u00e0 la caisse..<\/p>\n<p>Quant au sanglier, magnifique exemple d\u2019adaptation, il vit dans les ma\u00efs et les hautes cultures. Il se d\u00e9fend facilement vis-\u00e0-vis du loup, d\u2019autant plus que de nombreux m\u00e2les aux gr\u00e8s aiguis\u00e9s font des d\u00e9g\u00e2ts dans les meutes.<\/p>\n<p>Bien \u00e0 l\u2019abris, ils ne sortent que la nuit profonde et sont impossibles \u00e0 r\u00e9guler\u2026<\/p>\n<p>D\u2019autres sangliers s\u2019\u00e9panouissent dans les villes et les coteaux de la Meuse.<\/p>\n<p>Et la Wallonie passe \u00e0 la caisse\u2026<\/p>\n<h3><span style=\"color: #ea631b;\">Les communes<\/span><\/h3>\n<p>Les communes font grise mine. Plus de revenus de la chasse. Le commerce et le secteur Horeca qui, l\u2019hiver, b\u00e9n\u00e9ficiaient d\u2019importantes retomb\u00e9es pendant la saison creuse sombrent dans une l\u00e9thargie hivernale\u2026<\/p>\n<p>Les chasseurs ne payant plus les d\u00e9g\u00e2ts de gibier, la Wallonie passe \u00e0 la caisse\u2026<\/p>\n<h3><span style=\"color: #ea631b;\">A chacun son opinion<\/span><\/h3>\n<p>S\u2019agit-il d\u2019un r\u00e9cit imaginaire, le d\u00e9bordement d\u2019un doux r\u00eaveur effray\u00e9 par l\u2019avenir ou la r\u00e9alit\u00e9 cauchemardesque qui nous attends&nbsp;?<\/p>\n<p>A chaque lecteur son opinion\u2026.<\/p>\n<\/div>\n<\/div><\/div>\n<\/div>\n\n\n\n<div class=\"wp-block-column is-layout-flow wp-block-column-is-layout-flow\" style=\"flex-basis:10%\"><\/div>\n<\/div>\n","protected":false},"excerpt":{"rendered":"","protected":false},"author":1,"featured_media":1007,"comment_status":"closed","ping_status":"closed","sticky":false,"template":"","format":"standard","meta":{"ngg_post_thumbnail":0,"ocean_post_layout":"","ocean_both_sidebars_style":"","ocean_both_sidebars_content_width":0,"ocean_both_sidebars_sidebars_width":0,"ocean_sidebar":"","ocean_second_sidebar":"","ocean_disable_margins":"enable","ocean_add_body_class":"","ocean_shortcode_before_top_bar":"","ocean_shortcode_after_top_bar":"","ocean_shortcode_before_header":"","ocean_shortcode_after_header":"","ocean_has_shortcode":"","ocean_shortcode_after_title":"","ocean_shortcode_before_footer_widgets":"","ocean_shortcode_after_footer_widgets":"","ocean_shortcode_before_footer_bottom":"","ocean_shortcode_after_footer_bottom":"","ocean_display_top_bar":"default","ocean_display_header":"default","ocean_header_style":"","ocean_center_header_left_menu":"","ocean_custom_header_template":"","ocean_custom_logo":0,"ocean_custom_retina_logo":0,"ocean_custom_logo_max_width":0,"ocean_custom_logo_tablet_max_width":0,"ocean_custom_logo_mobile_max_width":0,"ocean_custom_logo_max_height":0,"ocean_custom_logo_tablet_max_height":0,"ocean_custom_logo_mobile_max_height":0,"ocean_header_custom_menu":"","ocean_menu_typo_font_family":"","ocean_menu_typo_font_subset":"","ocean_menu_typo_font_size":0,"ocean_menu_typo_font_size_tablet":0,"ocean_menu_typo_font_size_mobile":0,"ocean_menu_typo_font_size_unit":"px","ocean_menu_typo_font_weight":"","ocean_menu_typo_font_weight_tablet":"","ocean_menu_typo_font_weight_mobile":"","ocean_menu_typo_transform":"","ocean_menu_typo_transform_tablet":"","ocean_menu_typo_transform_mobile":"","ocean_menu_typo_line_height":0,"ocean_menu_typo_line_height_tablet":0,"ocean_menu_typo_line_height_mobile":0,"ocean_menu_typo_line_height_unit":"","ocean_menu_typo_spacing":0,"ocean_menu_typo_spacing_tablet":0,"ocean_menu_typo_spacing_mobile":0,"ocean_menu_typo_spacing_unit":"","ocean_menu_link_color":"","ocean_menu_link_color_hover":"","ocean_menu_link_color_active":"","ocean_menu_link_background":"","ocean_menu_link_hover_background":"","ocean_menu_link_active_background":"","ocean_menu_social_links_bg":"","ocean_menu_social_hover_links_bg":"","ocean_menu_social_links_color":"","ocean_menu_social_hover_links_color":"","ocean_disable_title":"default","ocean_disable_heading":"default","ocean_post_title":"","ocean_post_subheading":"","ocean_post_title_style":"","ocean_post_title_background_color":"","ocean_post_title_background":0,"ocean_post_title_bg_image_position":"","ocean_post_title_bg_image_attachment":"","ocean_post_title_bg_image_repeat":"","ocean_post_title_bg_image_size":"","ocean_post_title_height":0,"ocean_post_title_bg_overlay":0.5,"ocean_post_title_bg_overlay_color":"","ocean_disable_breadcrumbs":"default","ocean_breadcrumbs_color":"","ocean_breadcrumbs_separator_color":"","ocean_breadcrumbs_links_color":"","ocean_breadcrumbs_links_hover_color":"","ocean_display_footer_widgets":"default","ocean_display_footer_bottom":"default","ocean_custom_footer_template":"","_themeisle_gutenberg_block_has_review":false,"ocean_post_oembed":"","ocean_post_self_hosted_media":"","ocean_post_video_embed":"","ocean_link_format":"","ocean_link_format_target":"self","ocean_quote_format":"","ocean_quote_format_link":"post","ocean_gallery_link_images":"on","ocean_gallery_id":[],"footnotes":""},"categories":[20,1,8],"tags":[],"class_list":["post-1005","post","type-post","status-publish","format-standard","has-post-thumbnail","hentry","category-le-blog","category-non-classe","category-publications","entry","has-media"],"yoast_head":"<!-- This site is optimized with the Yoast SEO plugin v27.0 - https:\/\/yoast.com\/product\/yoast-seo-wordpress\/ -->\n<title>R\u00e9cit-fiction : Et si la chasse \u00e9tait interdite... [Fr] - UBCR<\/title>\n<meta name=\"robots\" content=\"index, follow, max-snippet:-1, max-image-preview:large, max-video-preview:-1\" \/>\n<link rel=\"canonical\" href=\"https:\/\/ubcr.be\/ubcrubcr\/recit-fiction-et-si-la-chasse-etait-interdite\/\" \/>\n<meta property=\"og:locale\" content=\"fr_FR\" \/>\n<meta property=\"og:type\" content=\"article\" \/>\n<meta property=\"og:title\" content=\"R\u00e9cit-fiction : Et si la chasse \u00e9tait interdite... [Fr] - UBCR\" \/>\n<meta property=\"og:url\" content=\"https:\/\/ubcr.be\/ubcrubcr\/recit-fiction-et-si-la-chasse-etait-interdite\/\" \/>\n<meta property=\"og:site_name\" content=\"UBCR\" \/>\n<meta property=\"article:published_time\" content=\"2024-03-16T17:30:15+00:00\" \/>\n<meta property=\"article:modified_time\" content=\"2024-03-16T17:33:11+00:00\" \/>\n<meta property=\"og:image\" content=\"https:\/\/ubcr.be\/ubcrubcr\/wp-content\/uploads\/2024\/03\/Chasse-Interdite.jpg\" \/>\n\t<meta property=\"og:image:width\" content=\"960\" \/>\n\t<meta property=\"og:image:height\" content=\"640\" \/>\n\t<meta property=\"og:image:type\" content=\"image\/jpeg\" \/>\n<meta name=\"author\" content=\"UBCR\" \/>\n<meta name=\"twitter:card\" content=\"summary_large_image\" \/>\n<meta name=\"twitter:label1\" content=\"\u00c9crit par\" \/>\n\t<meta name=\"twitter:data1\" content=\"UBCR\" \/>\n\t<meta name=\"twitter:label2\" content=\"Dur\u00e9e de lecture estim\u00e9e\" \/>\n\t<meta name=\"twitter:data2\" content=\"4 minutes\" \/>\n<script type=\"application\/ld+json\" class=\"yoast-schema-graph\">{\"@context\":\"https:\/\/schema.org\",\"@graph\":[{\"@type\":\"Article\",\"@id\":\"https:\/\/ubcr.be\/ubcrubcr\/recit-fiction-et-si-la-chasse-etait-interdite\/#article\",\"isPartOf\":{\"@id\":\"https:\/\/ubcr.be\/ubcrubcr\/recit-fiction-et-si-la-chasse-etait-interdite\/\"},\"author\":{\"name\":\"UBCR\",\"@id\":\"https:\/\/ubcr.be\/ubcrubcr\/#\/schema\/person\/e2564e0d7b8aa01281ecc8f55d524de3\"},\"headline\":\"R\u00e9cit-fiction : Et si la chasse \u00e9tait interdite&#8230; [Fr]\",\"datePublished\":\"2024-03-16T17:30:15+00:00\",\"dateModified\":\"2024-03-16T17:33:11+00:00\",\"mainEntityOfPage\":{\"@id\":\"https:\/\/ubcr.be\/ubcrubcr\/recit-fiction-et-si-la-chasse-etait-interdite\/\"},\"wordCount\":702,\"publisher\":{\"@id\":\"https:\/\/ubcr.be\/ubcrubcr\/#organization\"},\"image\":{\"@id\":\"https:\/\/ubcr.be\/ubcrubcr\/recit-fiction-et-si-la-chasse-etait-interdite\/#primaryimage\"},\"thumbnailUrl\":\"https:\/\/ubcr.be\/ubcrubcr\/wp-content\/uploads\/2024\/03\/Chasse-Interdite.jpg\",\"articleSection\":{\"0\":\"Le Blog\",\"2\":\"Publications\"},\"inLanguage\":\"fr-FR\"},{\"@type\":\"WebPage\",\"@id\":\"https:\/\/ubcr.be\/ubcrubcr\/recit-fiction-et-si-la-chasse-etait-interdite\/\",\"url\":\"https:\/\/ubcr.be\/ubcrubcr\/recit-fiction-et-si-la-chasse-etait-interdite\/\",\"name\":\"R\u00e9cit-fiction : Et si la chasse \u00e9tait interdite... [Fr] - UBCR\",\"isPartOf\":{\"@id\":\"https:\/\/ubcr.be\/ubcrubcr\/#website\"},\"primaryImageOfPage\":{\"@id\":\"https:\/\/ubcr.be\/ubcrubcr\/recit-fiction-et-si-la-chasse-etait-interdite\/#primaryimage\"},\"image\":{\"@id\":\"https:\/\/ubcr.be\/ubcrubcr\/recit-fiction-et-si-la-chasse-etait-interdite\/#primaryimage\"},\"thumbnailUrl\":\"https:\/\/ubcr.be\/ubcrubcr\/wp-content\/uploads\/2024\/03\/Chasse-Interdite.jpg\",\"datePublished\":\"2024-03-16T17:30:15+00:00\",\"dateModified\":\"2024-03-16T17:33:11+00:00\",\"breadcrumb\":{\"@id\":\"https:\/\/ubcr.be\/ubcrubcr\/recit-fiction-et-si-la-chasse-etait-interdite\/#breadcrumb\"},\"inLanguage\":\"fr-FR\",\"potentialAction\":[{\"@type\":\"ReadAction\",\"target\":[\"https:\/\/ubcr.be\/ubcrubcr\/recit-fiction-et-si-la-chasse-etait-interdite\/\"]}]},{\"@type\":\"ImageObject\",\"inLanguage\":\"fr-FR\",\"@id\":\"https:\/\/ubcr.be\/ubcrubcr\/recit-fiction-et-si-la-chasse-etait-interdite\/#primaryimage\",\"url\":\"https:\/\/ubcr.be\/ubcrubcr\/wp-content\/uploads\/2024\/03\/Chasse-Interdite.jpg\",\"contentUrl\":\"https:\/\/ubcr.be\/ubcrubcr\/wp-content\/uploads\/2024\/03\/Chasse-Interdite.jpg\",\"width\":960,\"height\":640},{\"@type\":\"BreadcrumbList\",\"@id\":\"https:\/\/ubcr.be\/ubcrubcr\/recit-fiction-et-si-la-chasse-etait-interdite\/#breadcrumb\",\"itemListElement\":[{\"@type\":\"ListItem\",\"position\":1,\"name\":\"Accueil\",\"item\":\"https:\/\/ubcr.be\/ubcrubcr\/\"},{\"@type\":\"ListItem\",\"position\":2,\"name\":\"R\u00e9cit-fiction : Et si la chasse \u00e9tait interdite&#8230; [Fr]\"}]},{\"@type\":\"WebSite\",\"@id\":\"https:\/\/ubcr.be\/ubcrubcr\/#website\",\"url\":\"https:\/\/ubcr.be\/ubcrubcr\/\",\"name\":\"UBCR\",\"description\":\"Union Belge de la Chasse et de la Ruralit\u00e9\",\"publisher\":{\"@id\":\"https:\/\/ubcr.be\/ubcrubcr\/#organization\"},\"potentialAction\":[{\"@type\":\"SearchAction\",\"target\":{\"@type\":\"EntryPoint\",\"urlTemplate\":\"https:\/\/ubcr.be\/ubcrubcr\/?s={search_term_string}\"},\"query-input\":{\"@type\":\"PropertyValueSpecification\",\"valueRequired\":true,\"valueName\":\"search_term_string\"}}],\"inLanguage\":\"fr-FR\"},{\"@type\":\"Organization\",\"@id\":\"https:\/\/ubcr.be\/ubcrubcr\/#organization\",\"name\":\"Union Belge de la Chasse et de la ruralit\u00e9\",\"url\":\"https:\/\/ubcr.be\/ubcrubcr\/\",\"logo\":{\"@type\":\"ImageObject\",\"inLanguage\":\"fr-FR\",\"@id\":\"https:\/\/ubcr.be\/ubcrubcr\/#\/schema\/logo\/image\/\",\"url\":\"https:\/\/ubcr.be\/ubcrubcr\/wp-content\/uploads\/2023\/10\/Logo-2023-UBCR_Web3.png\",\"contentUrl\":\"https:\/\/ubcr.be\/ubcrubcr\/wp-content\/uploads\/2023\/10\/Logo-2023-UBCR_Web3.png\",\"width\":381,\"height\":139,\"caption\":\"Union Belge de la Chasse et de la ruralit\u00e9\"},\"image\":{\"@id\":\"https:\/\/ubcr.be\/ubcrubcr\/#\/schema\/logo\/image\/\"}},{\"@type\":\"Person\",\"@id\":\"https:\/\/ubcr.be\/ubcrubcr\/#\/schema\/person\/e2564e0d7b8aa01281ecc8f55d524de3\",\"name\":\"UBCR\",\"image\":{\"@type\":\"ImageObject\",\"inLanguage\":\"fr-FR\",\"@id\":\"https:\/\/ubcr.be\/ubcrubcr\/#\/schema\/person\/image\/\",\"url\":\"https:\/\/secure.gravatar.com\/avatar\/6fcd7489cc5ccf661c39a961500084b7c4d5d708f1e89189a30c5f6e12ba733e?s=96&d=mm&r=g\",\"contentUrl\":\"https:\/\/secure.gravatar.com\/avatar\/6fcd7489cc5ccf661c39a961500084b7c4d5d708f1e89189a30c5f6e12ba733e?s=96&d=mm&r=g\",\"caption\":\"UBCR\"},\"sameAs\":[\"http:\/\/ubcr.be\/ubcrubcr\"],\"url\":\"https:\/\/ubcr.be\/ubcrubcr\/author\/ubcrbelubcr\/\"}]}<\/script>\n<!-- \/ Yoast SEO plugin. -->","yoast_head_json":{"title":"R\u00e9cit-fiction : Et si la chasse \u00e9tait interdite... [Fr] - UBCR","robots":{"index":"index","follow":"follow","max-snippet":"max-snippet:-1","max-image-preview":"max-image-preview:large","max-video-preview":"max-video-preview:-1"},"canonical":"https:\/\/ubcr.be\/ubcrubcr\/recit-fiction-et-si-la-chasse-etait-interdite\/","og_locale":"fr_FR","og_type":"article","og_title":"R\u00e9cit-fiction : Et si la chasse \u00e9tait interdite... [Fr] - UBCR","og_url":"https:\/\/ubcr.be\/ubcrubcr\/recit-fiction-et-si-la-chasse-etait-interdite\/","og_site_name":"UBCR","article_published_time":"2024-03-16T17:30:15+00:00","article_modified_time":"2024-03-16T17:33:11+00:00","og_image":[{"width":960,"height":640,"url":"https:\/\/ubcr.be\/ubcrubcr\/wp-content\/uploads\/2024\/03\/Chasse-Interdite.jpg","type":"image\/jpeg"}],"author":"UBCR","twitter_card":"summary_large_image","twitter_misc":{"\u00c9crit par":"UBCR","Dur\u00e9e de lecture estim\u00e9e":"4 minutes"},"schema":{"@context":"https:\/\/schema.org","@graph":[{"@type":"Article","@id":"https:\/\/ubcr.be\/ubcrubcr\/recit-fiction-et-si-la-chasse-etait-interdite\/#article","isPartOf":{"@id":"https:\/\/ubcr.be\/ubcrubcr\/recit-fiction-et-si-la-chasse-etait-interdite\/"},"author":{"name":"UBCR","@id":"https:\/\/ubcr.be\/ubcrubcr\/#\/schema\/person\/e2564e0d7b8aa01281ecc8f55d524de3"},"headline":"R\u00e9cit-fiction : Et si la chasse \u00e9tait interdite&#8230; [Fr]","datePublished":"2024-03-16T17:30:15+00:00","dateModified":"2024-03-16T17:33:11+00:00","mainEntityOfPage":{"@id":"https:\/\/ubcr.be\/ubcrubcr\/recit-fiction-et-si-la-chasse-etait-interdite\/"},"wordCount":702,"publisher":{"@id":"https:\/\/ubcr.be\/ubcrubcr\/#organization"},"image":{"@id":"https:\/\/ubcr.be\/ubcrubcr\/recit-fiction-et-si-la-chasse-etait-interdite\/#primaryimage"},"thumbnailUrl":"https:\/\/ubcr.be\/ubcrubcr\/wp-content\/uploads\/2024\/03\/Chasse-Interdite.jpg","articleSection":{"0":"Le Blog","2":"Publications"},"inLanguage":"fr-FR"},{"@type":"WebPage","@id":"https:\/\/ubcr.be\/ubcrubcr\/recit-fiction-et-si-la-chasse-etait-interdite\/","url":"https:\/\/ubcr.be\/ubcrubcr\/recit-fiction-et-si-la-chasse-etait-interdite\/","name":"R\u00e9cit-fiction : Et si la chasse \u00e9tait interdite... [Fr] - UBCR","isPartOf":{"@id":"https:\/\/ubcr.be\/ubcrubcr\/#website"},"primaryImageOfPage":{"@id":"https:\/\/ubcr.be\/ubcrubcr\/recit-fiction-et-si-la-chasse-etait-interdite\/#primaryimage"},"image":{"@id":"https:\/\/ubcr.be\/ubcrubcr\/recit-fiction-et-si-la-chasse-etait-interdite\/#primaryimage"},"thumbnailUrl":"https:\/\/ubcr.be\/ubcrubcr\/wp-content\/uploads\/2024\/03\/Chasse-Interdite.jpg","datePublished":"2024-03-16T17:30:15+00:00","dateModified":"2024-03-16T17:33:11+00:00","breadcrumb":{"@id":"https:\/\/ubcr.be\/ubcrubcr\/recit-fiction-et-si-la-chasse-etait-interdite\/#breadcrumb"},"inLanguage":"fr-FR","potentialAction":[{"@type":"ReadAction","target":["https:\/\/ubcr.be\/ubcrubcr\/recit-fiction-et-si-la-chasse-etait-interdite\/"]}]},{"@type":"ImageObject","inLanguage":"fr-FR","@id":"https:\/\/ubcr.be\/ubcrubcr\/recit-fiction-et-si-la-chasse-etait-interdite\/#primaryimage","url":"https:\/\/ubcr.be\/ubcrubcr\/wp-content\/uploads\/2024\/03\/Chasse-Interdite.jpg","contentUrl":"https:\/\/ubcr.be\/ubcrubcr\/wp-content\/uploads\/2024\/03\/Chasse-Interdite.jpg","width":960,"height":640},{"@type":"BreadcrumbList","@id":"https:\/\/ubcr.be\/ubcrubcr\/recit-fiction-et-si-la-chasse-etait-interdite\/#breadcrumb","itemListElement":[{"@type":"ListItem","position":1,"name":"Accueil","item":"https:\/\/ubcr.be\/ubcrubcr\/"},{"@type":"ListItem","position":2,"name":"R\u00e9cit-fiction : Et si la chasse \u00e9tait interdite&#8230; [Fr]"}]},{"@type":"WebSite","@id":"https:\/\/ubcr.be\/ubcrubcr\/#website","url":"https:\/\/ubcr.be\/ubcrubcr\/","name":"UBCR","description":"Union Belge de la Chasse et de la Ruralit\u00e9","publisher":{"@id":"https:\/\/ubcr.be\/ubcrubcr\/#organization"},"potentialAction":[{"@type":"SearchAction","target":{"@type":"EntryPoint","urlTemplate":"https:\/\/ubcr.be\/ubcrubcr\/?s={search_term_string}"},"query-input":{"@type":"PropertyValueSpecification","valueRequired":true,"valueName":"search_term_string"}}],"inLanguage":"fr-FR"},{"@type":"Organization","@id":"https:\/\/ubcr.be\/ubcrubcr\/#organization","name":"Union Belge de la Chasse et de la ruralit\u00e9","url":"https:\/\/ubcr.be\/ubcrubcr\/","logo":{"@type":"ImageObject","inLanguage":"fr-FR","@id":"https:\/\/ubcr.be\/ubcrubcr\/#\/schema\/logo\/image\/","url":"https:\/\/ubcr.be\/ubcrubcr\/wp-content\/uploads\/2023\/10\/Logo-2023-UBCR_Web3.png","contentUrl":"https:\/\/ubcr.be\/ubcrubcr\/wp-content\/uploads\/2023\/10\/Logo-2023-UBCR_Web3.png","width":381,"height":139,"caption":"Union Belge de la Chasse et de la ruralit\u00e9"},"image":{"@id":"https:\/\/ubcr.be\/ubcrubcr\/#\/schema\/logo\/image\/"}},{"@type":"Person","@id":"https:\/\/ubcr.be\/ubcrubcr\/#\/schema\/person\/e2564e0d7b8aa01281ecc8f55d524de3","name":"UBCR","image":{"@type":"ImageObject","inLanguage":"fr-FR","@id":"https:\/\/ubcr.be\/ubcrubcr\/#\/schema\/person\/image\/","url":"https:\/\/secure.gravatar.com\/avatar\/6fcd7489cc5ccf661c39a961500084b7c4d5d708f1e89189a30c5f6e12ba733e?s=96&d=mm&r=g","contentUrl":"https:\/\/secure.gravatar.com\/avatar\/6fcd7489cc5ccf661c39a961500084b7c4d5d708f1e89189a30c5f6e12ba733e?s=96&d=mm&r=g","caption":"UBCR"},"sameAs":["http:\/\/ubcr.be\/ubcrubcr"],"url":"https:\/\/ubcr.be\/ubcrubcr\/author\/ubcrbelubcr\/"}]}},"_links":{"self":[{"href":"https:\/\/ubcr.be\/ubcrubcr\/wp-json\/wp\/v2\/posts\/1005","targetHints":{"allow":["GET"]}}],"collection":[{"href":"https:\/\/ubcr.be\/ubcrubcr\/wp-json\/wp\/v2\/posts"}],"about":[{"href":"https:\/\/ubcr.be\/ubcrubcr\/wp-json\/wp\/v2\/types\/post"}],"author":[{"embeddable":true,"href":"https:\/\/ubcr.be\/ubcrubcr\/wp-json\/wp\/v2\/users\/1"}],"replies":[{"embeddable":true,"href":"https:\/\/ubcr.be\/ubcrubcr\/wp-json\/wp\/v2\/comments?post=1005"}],"version-history":[{"count":4,"href":"https:\/\/ubcr.be\/ubcrubcr\/wp-json\/wp\/v2\/posts\/1005\/revisions"}],"predecessor-version":[{"id":1012,"href":"https:\/\/ubcr.be\/ubcrubcr\/wp-json\/wp\/v2\/posts\/1005\/revisions\/1012"}],"wp:featuredmedia":[{"embeddable":true,"href":"https:\/\/ubcr.be\/ubcrubcr\/wp-json\/wp\/v2\/media\/1007"}],"wp:attachment":[{"href":"https:\/\/ubcr.be\/ubcrubcr\/wp-json\/wp\/v2\/media?parent=1005"}],"wp:term":[{"taxonomy":"category","embeddable":true,"href":"https:\/\/ubcr.be\/ubcrubcr\/wp-json\/wp\/v2\/categories?post=1005"},{"taxonomy":"post_tag","embeddable":true,"href":"https:\/\/ubcr.be\/ubcrubcr\/wp-json\/wp\/v2\/tags?post=1005"}],"curies":[{"name":"wp","href":"https:\/\/api.w.org\/{rel}","templated":true}]}}